{"id":2388,"date":"2024-01-18T17:06:43","date_gmt":"2024-01-18T16:06:43","guid":{"rendered":"https:\/\/www.ong-prevoyance.net\/?p=2388"},"modified":"2024-01-18T17:06:44","modified_gmt":"2024-01-18T16:06:44","slug":"journee-internationale-de-la-lutte-contre-les-violences-faites-aux-femmes","status":"publish","type":"post","link":"https:\/\/www.ong-prevoyance.net\/index.php\/2024\/01\/18\/journee-internationale-de-la-lutte-contre-les-violences-faites-aux-femmes\/","title":{"rendered":"JOURN\u00c9E INTERNATIONALE DE LA LUTTE CONTRE LES VIOLENCES FAITES AUX FEMMES."},"content":{"rendered":"\n<p><\/p>\n\n\n\n<p class=\"has-vivid-red-color has-text-color has-link-color wp-elements-bc176d8ec6ff43e7e74b4f8408f1a7a4\"><em>Prise de conscience et \u00e9limination des violences faites aux femmes.<\/em><\/p>\n\n\n\n<p>&nbsp; Les violences \u00e0 l\u2019\u00e9gard des femmes et des filles sont consid\u00e9r\u00e9es pendant longtemps comme des faits tabous. Ce silence s\u2019expliquait par de diverses raisons&nbsp;:&nbsp;religieuses, cultuelles, culturelles, communautaires, familiales\u2026 Il pourrait s\u2019expliquer aussi par le manque de protection judiciaire et de prise en charge des victimes. Le sujet n\u2019\u00e9tant pas pris en compte dans les grands d\u00e9bats, ce ph\u00e9nom\u00e8ne a pris des dimensions pernicieuses dans le monde entier.<\/p>\n\n\n\n<p>Cependant, avec la volont\u00e9 et l\u2019engagement des organisations internationales, des Associations et des ONG qui \u0153uvrent pour la protection des droits des femmes, les violences \u00e0 l\u2019\u00e9gard des femmes et des filles sont d\u00e9nonc\u00e9es et condamn\u00e9es. L\u2019ONG Citoyennes pour la promotion et d\u00e9fense des droits des enfants, femmes et minorit\u00e9s (CPDEFM) distingue cinq formes de violences&nbsp;: <strong>le mariage forc\u00e9, le viol, l\u2019excision, la p\u00e9docriminalit\u00e9 et le f\u00e9minicide.<\/strong><\/p>\n\n\n\n<p>Cette initiative de mettre \u00e0 nu les cas de f\u00e9minicides est encourag\u00e9e et soutenue par les organisations internationales, des Associations et des ONG qui se veulent porte-paroles des victimes. C\u2019est dans cette optique que l\u2019ONG Pr\u00e9voyance, cadre d\u2019expression des actions sociales, entend apporter sa contribution dans ce processus de l\u2019\u00e9limination des violences faites aux femmes et aux filles \u00e0 travers cet article.<\/p>\n\n\n\n<p>Depuis le d\u00e9but des ann\u00e9es 2000, le combat contre ce fl\u00e9au devient de plus en plus la priorit\u00e9 des Nations, des ONG, des organisations internationales \u00e0 l\u2019image de l\u2019OMS, l\u2019ONU et des organisations de d\u00e9fense des droits de l\u2019homme et&nbsp; des droits de la femme en particulier. Il faut rappeler que cette journ\u00e9e est instaur\u00e9e depuis 25 novembre 1999 en m\u00e9moire des s\u0153urs Miribal, emprisonn\u00e9es et tortur\u00e9es suite \u00e0 leur engagement contre la dictature en R\u00e9publique Dominicaine.<\/p>\n\n\n\n<p>Cette lutte qui a pris unanimement une dimension internationale, encourage de plus en plus les victimes \u00e0 rompre avec le silence. C\u2019est le cas de l\u2019Espagne qui a mis tout en \u0153uvre pour la lutte contre les f\u00e9minicides et cr\u00e9\u00e9 les cadres n\u00e9cessaires pour la protection des victimes. La C\u00f4te d\u2019Ivoire a \u00e9galement engag\u00e9 des efforts \u00e0 travers la mise en place du Minist\u00e8re de la femme, de la famille et&nbsp; de l\u2019enfant avec le soutien des ONG et Associations de d\u00e9fense des droits des femmes. C\u2019est ainsi que l\u2019ONG CPDEFM (mentionn\u00e9e plus haut) a pu enregistrer 416 cas de f\u00e9minicides \u00e0 Abidjan sur la p\u00e9riode 2019-2020.<\/p>\n\n\n\n<p>Les statistiques sont en hausse parce que les victimes sont \u00e9cout\u00e9es et prot\u00e9g\u00e9es. Ce constat est soutenu par cette annonce du Tribunal de Saint-Pierre (Tribunal judiciaire fran\u00e7ais qui si\u00e8ge \u00e0 Saint-Pierre de la R\u00e9union) \u00ab&nbsp;en 2020 74 hommes violents avaient \u00e9t\u00e9 d\u00e9f\u00e9r\u00e9s au tribunal apr\u00e8s une garde \u00e0 vue. Ce chiffre est mont\u00e9 \u00e0 174 en 2021, avant d\u2019exploser en 2022 avec 330 pr\u00e9sentations devant le Parquet&nbsp;\u00bb.<\/p>\n\n\n\n<p>Les chiffres sont \u00e9galement alarmants en Afrique du Sud. Selon les enqu\u00eates de l\u2019ONU chaque heure, en moyenne 3 femmes sont tu\u00e9es en Afrique du Sud et 3.000 femmes assassin\u00e9es par an.<\/p>\n\n\n\n<p>Saluant cette initiative d\u2019\u00e9liminer les violences \u00e0 l\u2019\u00e9gard des femmes, l\u2019ONG Pr\u00e9voyance s\u2019engage aux cot\u00e9s de l\u2019Etat de C\u00f4te d\u2019Ivoire, des Associations et ONG&nbsp; pour l\u2019\u00e9limination des violences faites aux femmes et aux filles. Elle invite et encourage les victimes et les t\u00e9moins \u00e0 toujours d\u00e9nonc\u00e9 les cas de violences&nbsp; aupr\u00e8s des structures mises en place pour la protection des victimes.<\/p>\n\n\n\n<p>&nbsp;&nbsp;&nbsp;&nbsp;&nbsp;&nbsp;&nbsp;&nbsp;&nbsp;&nbsp;&nbsp;&nbsp;&nbsp;&nbsp;&nbsp;&nbsp;&nbsp;&nbsp;&nbsp;&nbsp;&nbsp;&nbsp;&nbsp;&nbsp;&nbsp;&nbsp;&nbsp;&nbsp;&nbsp;&nbsp;&nbsp;&nbsp;&nbsp;&nbsp;&nbsp;&nbsp;&nbsp;&nbsp;&nbsp;&nbsp;&nbsp;&nbsp;&nbsp;&nbsp;&nbsp;&nbsp;&nbsp;&nbsp;&nbsp;&nbsp;&nbsp;&nbsp;&nbsp;&nbsp;&nbsp;&nbsp;&nbsp;&nbsp;&nbsp;&nbsp;&nbsp;&nbsp;&nbsp;&nbsp;&nbsp;&nbsp;&nbsp;&nbsp;&nbsp;&nbsp;&nbsp;&nbsp;&nbsp;&nbsp;&nbsp;&nbsp;&nbsp;&nbsp;&nbsp;&nbsp;&nbsp;&nbsp;&nbsp;&nbsp;&nbsp;&nbsp;&nbsp;&nbsp;&nbsp;&nbsp;&nbsp;&nbsp;&nbsp;&nbsp;&nbsp;&nbsp;&nbsp;&nbsp;&nbsp;&nbsp;&nbsp;&nbsp;&nbsp;&nbsp; &nbsp;&nbsp;<strong><em>AMANI K. SYLVERE<\/em><\/strong><\/p>\n","protected":false},"excerpt":{"rendered":"<p>Prise de conscience et \u00e9limination des violences faites aux femmes.<\/p>\n<p>\u00a0 Les violences \u00e0 l\u2019\u00e9gard des femmes et des filles sont consid\u00e9r\u00e9es pendant longtemps comme des faits tabous. Ce silence s\u2019expliquait par de diverses raisons\u00a0:\u00a0religieuses, cultuelles, culturelles, communautaires, familiales\u2026 Il pourrait s\u2019expliquer aussi par le manque de protection judiciaire et de prise en charge des victimes. Le sujet n\u2019\u00e9tant pas pris en compte dans les grands d\u00e9bats, ce ph\u00e9nom\u00e8ne a pris des dimensions pernicieuses dans le monde entier.<\/p>\n","protected":false},"author":1,"featured_media":2390,"comment_status":"open","ping_status":"open","sticky":false,"template":"","format":"standard","meta":{"footnotes":""},"categories":[1],"tags":[],"class_list":["post-2388","post","type-post","status-publish","format-standard","has-post-thumbnail","hentry","category-sante"],"yoast_head":"<!-- This site is optimized with the Yoast SEO plugin v23.0 - https:\/\/yoast.com\/wordpress\/plugins\/seo\/ -->\n<title>JOURN\u00c9E INTERNATIONALE DE LA LUTTE CONTRE LES VIOLENCES FAITES AUX FEMMES. - ongprevoyance<\/title>\n<meta name=\"robots\" content=\"index, follow, max-snippet:-1, max-image-preview:large, max-video-preview:-1\" \/>\n<link rel=\"canonical\" href=\"https:\/\/www.ong-prevoyance.net\/index.php\/2024\/01\/18\/journee-internationale-de-la-lutte-contre-les-violences-faites-aux-femmes\/\" \/>\n<meta property=\"og:locale\" content=\"fr_FR\" \/>\n<meta property=\"og:type\" content=\"article\" \/>\n<meta property=\"og:title\" content=\"JOURN\u00c9E INTERNATIONALE DE LA LUTTE CONTRE LES VIOLENCES FAITES AUX FEMMES. - ongprevoyance\" \/>\n<meta property=\"og:description\" content=\"Prise de conscience et \u00e9limination des violences faites aux femmes. \u00a0 Les violences \u00e0 l\u2019\u00e9gard des femmes et des filles sont consid\u00e9r\u00e9es pendant longtemps comme des faits tabous. Ce silence s\u2019expliquait par de diverses raisons\u00a0:\u00a0religieuses, cultuelles, culturelles, communautaires, familiales\u2026 Il pourrait s\u2019expliquer aussi par le manque de protection judiciaire et de prise en charge des victimes. Le sujet n\u2019\u00e9tant pas pris en compte dans les grands d\u00e9bats, ce ph\u00e9nom\u00e8ne a pris des dimensions pernicieuses dans le monde entier.\" \/>\n<meta property=\"og:url\" content=\"https:\/\/www.ong-prevoyance.net\/index.php\/2024\/01\/18\/journee-internationale-de-la-lutte-contre-les-violences-faites-aux-femmes\/\" \/>\n<meta property=\"og:site_name\" content=\"ongprevoyance\" \/>\n<meta property=\"article:publisher\" content=\"https:\/\/www.facebook.com\/ongprevoyance\/\" \/>\n<meta property=\"article:published_time\" content=\"2024-01-18T16:06:43+00:00\" \/>\n<meta property=\"article:modified_time\" content=\"2024-01-18T16:06:44+00:00\" \/>\n<meta property=\"og:image\" content=\"https:\/\/www.ong-prevoyance.net\/wp-content\/uploads\/2024\/01\/WhatsApp-Image-2024-01-18-at-10.20.05.jpeg\" \/>\n\t<meta property=\"og:image:width\" content=\"1080\" \/>\n\t<meta property=\"og:image:height\" content=\"1080\" \/>\n\t<meta property=\"og:image:type\" content=\"image\/jpeg\" \/>\n<meta name=\"author\" content=\"admin1\" \/>\n<meta name=\"twitter:card\" content=\"summary_large_image\" \/>\n<meta name=\"twitter:label1\" content=\"\u00c9crit par\" \/>\n\t<meta name=\"twitter:data1\" content=\"admin1\" \/>\n\t<meta name=\"twitter:label2\" content=\"Dur\u00e9e de lecture estim\u00e9e\" \/>\n\t<meta name=\"twitter:data2\" content=\"4 minutes\" \/>\n<script type=\"application\/ld+json\" class=\"yoast-schema-graph\">{\"@context\":\"https:\/\/schema.org\",\"@graph\":[{\"@type\":\"Article\",\"@id\":\"https:\/\/www.ong-prevoyance.net\/index.php\/2024\/01\/18\/journee-internationale-de-la-lutte-contre-les-violences-faites-aux-femmes\/#article\",\"isPartOf\":{\"@id\":\"https:\/\/www.ong-prevoyance.net\/index.php\/2024\/01\/18\/journee-internationale-de-la-lutte-contre-les-violences-faites-aux-femmes\/\"},\"author\":{\"name\":\"admin1\",\"@id\":\"https:\/\/www.ong-prevoyance.net\/#\/schema\/person\/5d8af13cb7b53e82f57f6176bac5b485\"},\"headline\":\"JOURN\u00c9E INTERNATIONALE DE LA LUTTE CONTRE LES VIOLENCES FAITES AUX FEMMES.\",\"datePublished\":\"2024-01-18T16:06:43+00:00\",\"dateModified\":\"2024-01-18T16:06:44+00:00\",\"mainEntityOfPage\":{\"@id\":\"https:\/\/www.ong-prevoyance.net\/index.php\/2024\/01\/18\/journee-internationale-de-la-lutte-contre-les-violences-faites-aux-femmes\/\"},\"wordCount\":741,\"commentCount\":0,\"publisher\":{\"@id\":\"https:\/\/www.ong-prevoyance.net\/#organization\"},\"image\":{\"@id\":\"https:\/\/www.ong-prevoyance.net\/index.php\/2024\/01\/18\/journee-internationale-de-la-lutte-contre-les-violences-faites-aux-femmes\/#primaryimage\"},\"thumbnailUrl\":\"https:\/\/www.ong-prevoyance.net\/wp-content\/uploads\/2024\/01\/WhatsApp-Image-2024-01-18-at-10.20.05.jpeg\",\"articleSection\":[\"Sant\u00e9\"],\"inLanguage\":\"fr-FR\",\"potentialAction\":[{\"@type\":\"CommentAction\",\"name\":\"Comment\",\"target\":[\"https:\/\/www.ong-prevoyance.net\/index.php\/2024\/01\/18\/journee-internationale-de-la-lutte-contre-les-violences-faites-aux-femmes\/#respond\"]}]},{\"@type\":\"WebPage\",\"@id\":\"https:\/\/www.ong-prevoyance.net\/index.php\/2024\/01\/18\/journee-internationale-de-la-lutte-contre-les-violences-faites-aux-femmes\/\",\"url\":\"https:\/\/www.ong-prevoyance.net\/index.php\/2024\/01\/18\/journee-internationale-de-la-lutte-contre-les-violences-faites-aux-femmes\/\",\"name\":\"JOURN\u00c9E INTERNATIONALE DE LA LUTTE CONTRE LES VIOLENCES FAITES AUX FEMMES. - ongprevoyance\",\"isPartOf\":{\"@id\":\"https:\/\/www.ong-prevoyance.net\/#website\"},\"primaryImageOfPage\":{\"@id\":\"https:\/\/www.ong-prevoyance.net\/index.php\/2024\/01\/18\/journee-internationale-de-la-lutte-contre-les-violences-faites-aux-femmes\/#primaryimage\"},\"image\":{\"@id\":\"https:\/\/www.ong-prevoyance.net\/index.php\/2024\/01\/18\/journee-internationale-de-la-lutte-contre-les-violences-faites-aux-femmes\/#primaryimage\"},\"thumbnailUrl\":\"https:\/\/www.ong-prevoyance.net\/wp-content\/uploads\/2024\/01\/WhatsApp-Image-2024-01-18-at-10.20.05.jpeg\",\"datePublished\":\"2024-01-18T16:06:43+00:00\",\"dateModified\":\"2024-01-18T16:06:44+00:00\",\"breadcrumb\":{\"@id\":\"https:\/\/www.ong-prevoyance.net\/index.php\/2024\/01\/18\/journee-internationale-de-la-lutte-contre-les-violences-faites-aux-femmes\/#breadcrumb\"},\"inLanguage\":\"fr-FR\",\"potentialAction\":[{\"@type\":\"ReadAction\",\"target\":[\"https:\/\/www.ong-prevoyance.net\/index.php\/2024\/01\/18\/journee-internationale-de-la-lutte-contre-les-violences-faites-aux-femmes\/\"]}]},{\"@type\":\"ImageObject\",\"inLanguage\":\"fr-FR\",\"@id\":\"https:\/\/www.ong-prevoyance.net\/index.php\/2024\/01\/18\/journee-internationale-de-la-lutte-contre-les-violences-faites-aux-femmes\/#primaryimage\",\"url\":\"https:\/\/www.ong-prevoyance.net\/wp-content\/uploads\/2024\/01\/WhatsApp-Image-2024-01-18-at-10.20.05.jpeg\",\"contentUrl\":\"https:\/\/www.ong-prevoyance.net\/wp-content\/uploads\/2024\/01\/WhatsApp-Image-2024-01-18-at-10.20.05.jpeg\",\"width\":1080,\"height\":1080},{\"@type\":\"BreadcrumbList\",\"@id\":\"https:\/\/www.ong-prevoyance.net\/index.php\/2024\/01\/18\/journee-internationale-de-la-lutte-contre-les-violences-faites-aux-femmes\/#breadcrumb\",\"itemListElement\":[{\"@type\":\"ListItem\",\"position\":1,\"name\":\"Accueil\",\"item\":\"https:\/\/www.ong-prevoyance.net\/\"},{\"@type\":\"ListItem\",\"position\":2,\"name\":\"Sant\u00e9\",\"item\":\"https:\/\/www.ong-prevoyance.net\/index.php\/en\/sante\/\"},{\"@type\":\"ListItem\",\"position\":3,\"name\":\"JOURN\u00c9E INTERNATIONALE DE LA LUTTE CONTRE LES VIOLENCES FAITES AUX FEMMES.\"}]},{\"@type\":\"WebSite\",\"@id\":\"https:\/\/www.ong-prevoyance.net\/#website\",\"url\":\"https:\/\/www.ong-prevoyance.net\/\",\"name\":\"ong-prevoyance\",\"description\":\"\",\"publisher\":{\"@id\":\"https:\/\/www.ong-prevoyance.net\/#organization\"},\"potentialAction\":[{\"@type\":\"SearchAction\",\"target\":{\"@type\":\"EntryPoint\",\"urlTemplate\":\"https:\/\/www.ong-prevoyance.net\/?s={search_term_string}\"},\"query-input\":\"required name=search_term_string\"}],\"inLanguage\":\"fr-FR\"},{\"@type\":\"Organization\",\"@id\":\"https:\/\/www.ong-prevoyance.net\/#organization\",\"name\":\"ong-prevoyance\",\"url\":\"https:\/\/www.ong-prevoyance.net\/\",\"logo\":{\"@type\":\"ImageObject\",\"inLanguage\":\"fr-FR\",\"@id\":\"https:\/\/www.ong-prevoyance.net\/#\/schema\/logo\/image\/\",\"url\":\"https:\/\/www.ong-prevoyance.net\/wp-content\/uploads\/2021\/08\/PHOTO-2023-06-26-12-32-13-removebg-preview-Copie.png\",\"contentUrl\":\"https:\/\/www.ong-prevoyance.net\/wp-content\/uploads\/2021\/08\/PHOTO-2023-06-26-12-32-13-removebg-preview-Copie.png\",\"width\":500,\"height\":500,\"caption\":\"ong-prevoyance\"},\"image\":{\"@id\":\"https:\/\/www.ong-prevoyance.net\/#\/schema\/logo\/image\/\"},\"sameAs\":[\"https:\/\/www.facebook.com\/ongprevoyance\/\",\"https:\/\/www.linkedin.com\/company\/ong-prevoyance\/\"]},{\"@type\":\"Person\",\"@id\":\"https:\/\/www.ong-prevoyance.net\/#\/schema\/person\/5d8af13cb7b53e82f57f6176bac5b485\",\"name\":\"admin1\",\"image\":{\"@type\":\"ImageObject\",\"inLanguage\":\"fr-FR\",\"@id\":\"https:\/\/www.ong-prevoyance.net\/#\/schema\/person\/image\/\",\"url\":\"https:\/\/secure.gravatar.com\/avatar\/e87dc736d8d59f5fbc12e1e2e64afba28980e9f2860fcb8db45bcabbc65f400e?s=96&d=mm&r=g\",\"contentUrl\":\"https:\/\/secure.gravatar.com\/avatar\/e87dc736d8d59f5fbc12e1e2e64afba28980e9f2860fcb8db45bcabbc65f400e?s=96&d=mm&r=g\",\"caption\":\"admin1\"},\"sameAs\":[\"https:\/\/www.ong-prevoyance.net\/\"],\"url\":\"https:\/\/www.ong-prevoyance.net\/index.php\/author\/admin1\/\"}]}<\/script>\n<!-- \/ Yoast SEO plugin. -->","yoast_head_json":{"title":"JOURN\u00c9E INTERNATIONALE DE LA LUTTE CONTRE LES VIOLENCES FAITES AUX FEMMES. - ongprevoyance","robots":{"index":"index","follow":"follow","max-snippet":"max-snippet:-1","max-image-preview":"max-image-preview:large","max-video-preview":"max-video-preview:-1"},"canonical":"https:\/\/www.ong-prevoyance.net\/index.php\/2024\/01\/18\/journee-internationale-de-la-lutte-contre-les-violences-faites-aux-femmes\/","og_locale":"fr_FR","og_type":"article","og_title":"JOURN\u00c9E INTERNATIONALE DE LA LUTTE CONTRE LES VIOLENCES FAITES AUX FEMMES. - ongprevoyance","og_description":"Prise de conscience et \u00e9limination des violences faites aux femmes. \u00a0 Les violences \u00e0 l\u2019\u00e9gard des femmes et des filles sont consid\u00e9r\u00e9es pendant longtemps comme des faits tabous. Ce silence s\u2019expliquait par de diverses raisons\u00a0:\u00a0religieuses, cultuelles, culturelles, communautaires, familiales\u2026 Il pourrait s\u2019expliquer aussi par le manque de protection judiciaire et de prise en charge des victimes. Le sujet n\u2019\u00e9tant pas pris en compte dans les grands d\u00e9bats, ce ph\u00e9nom\u00e8ne a pris des dimensions pernicieuses dans le monde entier.","og_url":"https:\/\/www.ong-prevoyance.net\/index.php\/2024\/01\/18\/journee-internationale-de-la-lutte-contre-les-violences-faites-aux-femmes\/","og_site_name":"ongprevoyance","article_publisher":"https:\/\/www.facebook.com\/ongprevoyance\/","article_published_time":"2024-01-18T16:06:43+00:00","article_modified_time":"2024-01-18T16:06:44+00:00","og_image":[{"width":1080,"height":1080,"url":"https:\/\/www.ong-prevoyance.net\/wp-content\/uploads\/2024\/01\/WhatsApp-Image-2024-01-18-at-10.20.05.jpeg","type":"image\/jpeg"}],"author":"admin1","twitter_card":"summary_large_image","twitter_misc":{"\u00c9crit par":"admin1","Dur\u00e9e de lecture estim\u00e9e":"4 minutes"},"schema":{"@context":"https:\/\/schema.org","@graph":[{"@type":"Article","@id":"https:\/\/www.ong-prevoyance.net\/index.php\/2024\/01\/18\/journee-internationale-de-la-lutte-contre-les-violences-faites-aux-femmes\/#article","isPartOf":{"@id":"https:\/\/www.ong-prevoyance.net\/index.php\/2024\/01\/18\/journee-internationale-de-la-lutte-contre-les-violences-faites-aux-femmes\/"},"author":{"name":"admin1","@id":"https:\/\/www.ong-prevoyance.net\/#\/schema\/person\/5d8af13cb7b53e82f57f6176bac5b485"},"headline":"JOURN\u00c9E INTERNATIONALE DE LA LUTTE CONTRE LES VIOLENCES FAITES AUX FEMMES.","datePublished":"2024-01-18T16:06:43+00:00","dateModified":"2024-01-18T16:06:44+00:00","mainEntityOfPage":{"@id":"https:\/\/www.ong-prevoyance.net\/index.php\/2024\/01\/18\/journee-internationale-de-la-lutte-contre-les-violences-faites-aux-femmes\/"},"wordCount":741,"commentCount":0,"publisher":{"@id":"https:\/\/www.ong-prevoyance.net\/#organization"},"image":{"@id":"https:\/\/www.ong-prevoyance.net\/index.php\/2024\/01\/18\/journee-internationale-de-la-lutte-contre-les-violences-faites-aux-femmes\/#primaryimage"},"thumbnailUrl":"https:\/\/www.ong-prevoyance.net\/wp-content\/uploads\/2024\/01\/WhatsApp-Image-2024-01-18-at-10.20.05.jpeg","articleSection":["Sant\u00e9"],"inLanguage":"fr-FR","potentialAction":[{"@type":"CommentAction","name":"Comment","target":["https:\/\/www.ong-prevoyance.net\/index.php\/2024\/01\/18\/journee-internationale-de-la-lutte-contre-les-violences-faites-aux-femmes\/#respond"]}]},{"@type":"WebPage","@id":"https:\/\/www.ong-prevoyance.net\/index.php\/2024\/01\/18\/journee-internationale-de-la-lutte-contre-les-violences-faites-aux-femmes\/","url":"https:\/\/www.ong-prevoyance.net\/index.php\/2024\/01\/18\/journee-internationale-de-la-lutte-contre-les-violences-faites-aux-femmes\/","name":"JOURN\u00c9E INTERNATIONALE DE LA LUTTE CONTRE LES VIOLENCES FAITES AUX FEMMES. - ongprevoyance","isPartOf":{"@id":"https:\/\/www.ong-prevoyance.net\/#website"},"primaryImageOfPage":{"@id":"https:\/\/www.ong-prevoyance.net\/index.php\/2024\/01\/18\/journee-internationale-de-la-lutte-contre-les-violences-faites-aux-femmes\/#primaryimage"},"image":{"@id":"https:\/\/www.ong-prevoyance.net\/index.php\/2024\/01\/18\/journee-internationale-de-la-lutte-contre-les-violences-faites-aux-femmes\/#primaryimage"},"thumbnailUrl":"https:\/\/www.ong-prevoyance.net\/wp-content\/uploads\/2024\/01\/WhatsApp-Image-2024-01-18-at-10.20.05.jpeg","datePublished":"2024-01-18T16:06:43+00:00","dateModified":"2024-01-18T16:06:44+00:00","breadcrumb":{"@id":"https:\/\/www.ong-prevoyance.net\/index.php\/2024\/01\/18\/journee-internationale-de-la-lutte-contre-les-violences-faites-aux-femmes\/#breadcrumb"},"inLanguage":"fr-FR","potentialAction":[{"@type":"ReadAction","target":["https:\/\/www.ong-prevoyance.net\/index.php\/2024\/01\/18\/journee-internationale-de-la-lutte-contre-les-violences-faites-aux-femmes\/"]}]},{"@type":"ImageObject","inLanguage":"fr-FR","@id":"https:\/\/www.ong-prevoyance.net\/index.php\/2024\/01\/18\/journee-internationale-de-la-lutte-contre-les-violences-faites-aux-femmes\/#primaryimage","url":"https:\/\/www.ong-prevoyance.net\/wp-content\/uploads\/2024\/01\/WhatsApp-Image-2024-01-18-at-10.20.05.jpeg","contentUrl":"https:\/\/www.ong-prevoyance.net\/wp-content\/uploads\/2024\/01\/WhatsApp-Image-2024-01-18-at-10.20.05.jpeg","width":1080,"height":1080},{"@type":"BreadcrumbList","@id":"https:\/\/www.ong-prevoyance.net\/index.php\/2024\/01\/18\/journee-internationale-de-la-lutte-contre-les-violences-faites-aux-femmes\/#breadcrumb","itemListElement":[{"@type":"ListItem","position":1,"name":"Accueil","item":"https:\/\/www.ong-prevoyance.net\/"},{"@type":"ListItem","position":2,"name":"Sant\u00e9","item":"https:\/\/www.ong-prevoyance.net\/index.php\/en\/sante\/"},{"@type":"ListItem","position":3,"name":"JOURN\u00c9E INTERNATIONALE DE LA LUTTE CONTRE LES VIOLENCES FAITES AUX FEMMES."}]},{"@type":"WebSite","@id":"https:\/\/www.ong-prevoyance.net\/#website","url":"https:\/\/www.ong-prevoyance.net\/","name":"ong-prevoyance","description":"","publisher":{"@id":"https:\/\/www.ong-prevoyance.net\/#organization"},"potentialAction":[{"@type":"SearchAction","target":{"@type":"EntryPoint","urlTemplate":"https:\/\/www.ong-prevoyance.net\/?s={search_term_string}"},"query-input":"required name=search_term_string"}],"inLanguage":"fr-FR"},{"@type":"Organization","@id":"https:\/\/www.ong-prevoyance.net\/#organization","name":"ong-prevoyance","url":"https:\/\/www.ong-prevoyance.net\/","logo":{"@type":"ImageObject","inLanguage":"fr-FR","@id":"https:\/\/www.ong-prevoyance.net\/#\/schema\/logo\/image\/","url":"https:\/\/www.ong-prevoyance.net\/wp-content\/uploads\/2021\/08\/PHOTO-2023-06-26-12-32-13-removebg-preview-Copie.png","contentUrl":"https:\/\/www.ong-prevoyance.net\/wp-content\/uploads\/2021\/08\/PHOTO-2023-06-26-12-32-13-removebg-preview-Copie.png","width":500,"height":500,"caption":"ong-prevoyance"},"image":{"@id":"https:\/\/www.ong-prevoyance.net\/#\/schema\/logo\/image\/"},"sameAs":["https:\/\/www.facebook.com\/ongprevoyance\/","https:\/\/www.linkedin.com\/company\/ong-prevoyance\/"]},{"@type":"Person","@id":"https:\/\/www.ong-prevoyance.net\/#\/schema\/person\/5d8af13cb7b53e82f57f6176bac5b485","name":"admin1","image":{"@type":"ImageObject","inLanguage":"fr-FR","@id":"https:\/\/www.ong-prevoyance.net\/#\/schema\/person\/image\/","url":"https:\/\/secure.gravatar.com\/avatar\/e87dc736d8d59f5fbc12e1e2e64afba28980e9f2860fcb8db45bcabbc65f400e?s=96&d=mm&r=g","contentUrl":"https:\/\/secure.gravatar.com\/avatar\/e87dc736d8d59f5fbc12e1e2e64afba28980e9f2860fcb8db45bcabbc65f400e?s=96&d=mm&r=g","caption":"admin1"},"sameAs":["https:\/\/www.ong-prevoyance.net\/"],"url":"https:\/\/www.ong-prevoyance.net\/index.php\/author\/admin1\/"}]}},"_links":{"self":[{"href":"https:\/\/www.ong-prevoyance.net\/index.php\/wp-json\/wp\/v2\/posts\/2388","targetHints":{"allow":["GET"]}}],"collection":[{"href":"https:\/\/www.ong-prevoyance.net\/index.php\/wp-json\/wp\/v2\/posts"}],"about":[{"href":"https:\/\/www.ong-prevoyance.net\/index.php\/wp-json\/wp\/v2\/types\/post"}],"author":[{"embeddable":true,"href":"https:\/\/www.ong-prevoyance.net\/index.php\/wp-json\/wp\/v2\/users\/1"}],"replies":[{"embeddable":true,"href":"https:\/\/www.ong-prevoyance.net\/index.php\/wp-json\/wp\/v2\/comments?post=2388"}],"version-history":[{"count":1,"href":"https:\/\/www.ong-prevoyance.net\/index.php\/wp-json\/wp\/v2\/posts\/2388\/revisions"}],"predecessor-version":[{"id":2391,"href":"https:\/\/www.ong-prevoyance.net\/index.php\/wp-json\/wp\/v2\/posts\/2388\/revisions\/2391"}],"wp:featuredmedia":[{"embeddable":true,"href":"https:\/\/www.ong-prevoyance.net\/index.php\/wp-json\/wp\/v2\/media\/2390"}],"wp:attachment":[{"href":"https:\/\/www.ong-prevoyance.net\/index.php\/wp-json\/wp\/v2\/media?parent=2388"}],"wp:term":[{"taxonomy":"category","embeddable":true,"href":"https:\/\/www.ong-prevoyance.net\/index.php\/wp-json\/wp\/v2\/categories?post=2388"},{"taxonomy":"post_tag","embeddable":true,"href":"https:\/\/www.ong-prevoyance.net\/index.php\/wp-json\/wp\/v2\/tags?post=2388"}],"curies":[{"name":"wp","href":"https:\/\/api.w.org\/{rel}","templated":true}]}}