{"id":2541,"date":"2024-06-12T13:48:15","date_gmt":"2024-06-12T11:48:15","guid":{"rendered":"https:\/\/www.ong-prevoyance.net\/?p=2541"},"modified":"2024-06-12T13:48:16","modified_gmt":"2024-06-12T11:48:16","slug":"journee-mondiale-contre-le-travail-des-enfants","status":"publish","type":"post","link":"https:\/\/www.ong-prevoyance.net\/index.php\/2024\/06\/12\/journee-mondiale-contre-le-travail-des-enfants\/","title":{"rendered":"12 Juin,La journ\u00e9e mondiale contre le travail des enfants"},"content":{"rendered":"\n<p>Cette journ\u00e9e a \u00e9t\u00e9 proclam\u00e9e par l&#8217;Organisation Internationale du Travail (OIT) en juin 2002. Les actions pour la lutte contre le travail des enfants ont progress\u00e9 avec l\u2019adoption de deux conventions fondamentales. &nbsp;La convention n\u00b0 138 concernant l&#8217;\u00e2ge minimum d&#8217;admission \u00e0 l&#8217;emploi ou au travail adopt\u00e9e en 1973 et la convention n\u00b0 182 sur les pires formes de travail des enfants mise en vigueur en 1999. Ainsi, chaque 12 juin, l\u2019OIT s&#8217;associe \u00e0 ses mandants et \u00e0 ses partenaires dans le monde entier pour comm\u00e9morer cette Journ\u00e9e.<\/p>\n\n\n\n<p>Bien que de nombreux progr\u00e8s aient \u00e9t\u00e9 r\u00e9alis\u00e9s dans la r\u00e9duction du travail des enfants au fil des ans, ces derni\u00e8res ann\u00e9es ont vu les tendances mondiales s&#8217;inverser et, aujourd&#8217;hui plus que jamais, il est important d&#8217;unir nos forces pour acc\u00e9l\u00e9rer l&#8217;action visant \u00e0 mettre fin au travail des enfants sous toutes ses formes.&nbsp;&nbsp;&nbsp; &nbsp;&nbsp;&nbsp;&nbsp;&nbsp;&nbsp;Et l&#8217;Appel \u00e0 l&#8217;action de Durban, adopt\u00e9 par les d\u00e9l\u00e9gu\u00e9s \u00e0 l&#8217;issue de la 5e conf\u00e9rence mondiale sur l&#8217;\u00e9limination du travail des enfants en 2022, montre ainsi la voie \u00e0 suivre.&nbsp;&nbsp;<\/p>\n\n\n\n<p>En Afrique, il y a quelques 41% d\u2019enfants \u00e9conomiquement actifs au sein de la population, selon le Bureau International du Travail (B.I.T.). Le travail domestique requiert 37% des filles, soit la plus forte proportion au monde. \u00c0 cela s\u2019ajoute des centaines de milliers d\u2019enfants se retrouvent donc cireurs de chaussures, vendeurs ambulants, mendiants etc.<\/p>\n\n\n\n<p>En C\u00f4te d\u2019Ivoire, cette lutte met l\u2019accent sur le cas des enfants travaillant dans les plantations de cacao. Ainsi, en 2021 quelques 800 000 enfants ont \u00e9t\u00e9 rep\u00e9r\u00e9s. Le programme ambitieux du minist\u00e8re du travail et de la protection sociale vise \u00e0 \u00e9liminer le travail des enfants en C\u00f4te d\u2019Ivoire par la rescolarisation et l\u2019insertion socioprofessionnelle.  <\/p>\n\n\n\n<p><a href=\"https:\/\/www.ilo.org\/fr\/themes-0\/travail-des-enfants\/campagne-et-sensibilisation-sur-le-travail-des-enfants\/journee-mondiale-contre-le-travail-des-enfants\">Journ\u00e9e mondiale contre le travail des enfants | International Labour Organization (ilo.org)<\/a> <a href=\"https:\/\/www.ong-prevoyance.net\/index.php\/news\/\">https:\/\/www.ong-prevoyance.net\/index.php\/news\/<\/a><\/p>\n","protected":false},"excerpt":{"rendered":"<p>Cette journ\u00e9e a \u00e9t\u00e9 proclam\u00e9e par l&#8217;Organisation Internationale du Travail (OIT) en juin 2002. Les actions pour la lutte contre le travail des enfants ont progress\u00e9 avec l\u2019adoption de deux [&hellip;]<\/p>\n","protected":false},"author":1,"featured_media":2542,"comment_status":"open","ping_status":"open","sticky":false,"template":"","format":"standard","meta":{"footnotes":""},"categories":[60],"tags":[],"class_list":["post-2541","post","type-post","status-publish","format-standard","has-post-thumbnail","hentry","category-non-classe-fr"],"yoast_head":"<!-- This site is optimized with the Yoast SEO plugin v23.0 - https:\/\/yoast.com\/wordpress\/plugins\/seo\/ -->\n<title>12 Juin,La journ\u00e9e mondiale contre le travail des enfants - ongprevoyance<\/title>\n<meta name=\"description\" content=\"D\u00e9couvrez les actions et les enjeux de la Journ\u00e9e mondiale contre le travail des enfants, c\u00e9l\u00e9br\u00e9e chaque 12 juin...\" \/>\n<meta name=\"robots\" content=\"index, follow, max-snippet:-1, max-image-preview:large, max-video-preview:-1\" \/>\n<link rel=\"canonical\" href=\"https:\/\/www.ong-prevoyance.net\/index.php\/2024\/06\/12\/journee-mondiale-contre-le-travail-des-enfants\/\" \/>\n<meta property=\"og:locale\" content=\"fr_FR\" \/>\n<meta property=\"og:type\" content=\"article\" \/>\n<meta property=\"og:title\" content=\"12 Juin,La journ\u00e9e mondiale contre le travail des enfants - ongprevoyance\" \/>\n<meta property=\"og:description\" content=\"D\u00e9couvrez les actions et les enjeux de la Journ\u00e9e mondiale contre le travail des enfants, c\u00e9l\u00e9br\u00e9e chaque 12 juin...\" \/>\n<meta property=\"og:url\" content=\"https:\/\/www.ong-prevoyance.net\/index.php\/2024\/06\/12\/journee-mondiale-contre-le-travail-des-enfants\/\" \/>\n<meta property=\"og:site_name\" content=\"ongprevoyance\" \/>\n<meta property=\"article:publisher\" content=\"https:\/\/www.facebook.com\/ongprevoyance\/\" \/>\n<meta property=\"article:published_time\" content=\"2024-06-12T11:48:15+00:00\" \/>\n<meta property=\"article:modified_time\" content=\"2024-06-12T11:48:16+00:00\" \/>\n<meta property=\"og:image\" content=\"https:\/\/www.ong-prevoyance.net\/wp-content\/uploads\/2024\/06\/Visuel-12-Juin-Journee-Contre-le-Travail-des-Enfants-1024x1024.png\" \/>\n\t<meta property=\"og:image:width\" content=\"1024\" \/>\n\t<meta property=\"og:image:height\" content=\"1024\" \/>\n\t<meta property=\"og:image:type\" content=\"image\/png\" \/>\n<meta name=\"author\" content=\"admin1\" \/>\n<meta name=\"twitter:card\" content=\"summary_large_image\" \/>\n<meta name=\"twitter:label1\" content=\"\u00c9crit par\" \/>\n\t<meta name=\"twitter:data1\" content=\"admin1\" \/>\n\t<meta name=\"twitter:label2\" content=\"Dur\u00e9e de lecture estim\u00e9e\" \/>\n\t<meta name=\"twitter:data2\" content=\"2 minutes\" \/>\n<script type=\"application\/ld+json\" class=\"yoast-schema-graph\">{\"@context\":\"https:\/\/schema.org\",\"@graph\":[{\"@type\":\"Article\",\"@id\":\"https:\/\/www.ong-prevoyance.net\/index.php\/2024\/06\/12\/journee-mondiale-contre-le-travail-des-enfants\/#article\",\"isPartOf\":{\"@id\":\"https:\/\/www.ong-prevoyance.net\/index.php\/2024\/06\/12\/journee-mondiale-contre-le-travail-des-enfants\/\"},\"author\":{\"name\":\"admin1\",\"@id\":\"https:\/\/www.ong-prevoyance.net\/#\/schema\/person\/5d8af13cb7b53e82f57f6176bac5b485\"},\"headline\":\"12 Juin,La journ\u00e9e mondiale contre le travail des enfants\",\"datePublished\":\"2024-06-12T11:48:15+00:00\",\"dateModified\":\"2024-06-12T11:48:16+00:00\",\"mainEntityOfPage\":{\"@id\":\"https:\/\/www.ong-prevoyance.net\/index.php\/2024\/06\/12\/journee-mondiale-contre-le-travail-des-enfants\/\"},\"wordCount\":349,\"commentCount\":0,\"publisher\":{\"@id\":\"https:\/\/www.ong-prevoyance.net\/#organization\"},\"image\":{\"@id\":\"https:\/\/www.ong-prevoyance.net\/index.php\/2024\/06\/12\/journee-mondiale-contre-le-travail-des-enfants\/#primaryimage\"},\"thumbnailUrl\":\"https:\/\/www.ong-prevoyance.net\/wp-content\/uploads\/2024\/06\/Visuel-12-Juin-Journee-Contre-le-Travail-des-Enfants.png\",\"inLanguage\":\"fr-FR\",\"potentialAction\":[{\"@type\":\"CommentAction\",\"name\":\"Comment\",\"target\":[\"https:\/\/www.ong-prevoyance.net\/index.php\/2024\/06\/12\/journee-mondiale-contre-le-travail-des-enfants\/#respond\"]}]},{\"@type\":\"WebPage\",\"@id\":\"https:\/\/www.ong-prevoyance.net\/index.php\/2024\/06\/12\/journee-mondiale-contre-le-travail-des-enfants\/\",\"url\":\"https:\/\/www.ong-prevoyance.net\/index.php\/2024\/06\/12\/journee-mondiale-contre-le-travail-des-enfants\/\",\"name\":\"12 Juin,La journ\u00e9e mondiale contre le travail des enfants - ongprevoyance\",\"isPartOf\":{\"@id\":\"https:\/\/www.ong-prevoyance.net\/#website\"},\"primaryImageOfPage\":{\"@id\":\"https:\/\/www.ong-prevoyance.net\/index.php\/2024\/06\/12\/journee-mondiale-contre-le-travail-des-enfants\/#primaryimage\"},\"image\":{\"@id\":\"https:\/\/www.ong-prevoyance.net\/index.php\/2024\/06\/12\/journee-mondiale-contre-le-travail-des-enfants\/#primaryimage\"},\"thumbnailUrl\":\"https:\/\/www.ong-prevoyance.net\/wp-content\/uploads\/2024\/06\/Visuel-12-Juin-Journee-Contre-le-Travail-des-Enfants.png\",\"datePublished\":\"2024-06-12T11:48:15+00:00\",\"dateModified\":\"2024-06-12T11:48:16+00:00\",\"description\":\"D\u00e9couvrez les actions et les enjeux de la Journ\u00e9e mondiale contre le travail des enfants, c\u00e9l\u00e9br\u00e9e chaque 12 juin...\",\"breadcrumb\":{\"@id\":\"https:\/\/www.ong-prevoyance.net\/index.php\/2024\/06\/12\/journee-mondiale-contre-le-travail-des-enfants\/#breadcrumb\"},\"inLanguage\":\"fr-FR\",\"potentialAction\":[{\"@type\":\"ReadAction\",\"target\":[\"https:\/\/www.ong-prevoyance.net\/index.php\/2024\/06\/12\/journee-mondiale-contre-le-travail-des-enfants\/\"]}]},{\"@type\":\"ImageObject\",\"inLanguage\":\"fr-FR\",\"@id\":\"https:\/\/www.ong-prevoyance.net\/index.php\/2024\/06\/12\/journee-mondiale-contre-le-travail-des-enfants\/#primaryimage\",\"url\":\"https:\/\/www.ong-prevoyance.net\/wp-content\/uploads\/2024\/06\/Visuel-12-Juin-Journee-Contre-le-Travail-des-Enfants.png\",\"contentUrl\":\"https:\/\/www.ong-prevoyance.net\/wp-content\/uploads\/2024\/06\/Visuel-12-Juin-Journee-Contre-le-Travail-des-Enfants.png\",\"width\":3000,\"height\":3000},{\"@type\":\"BreadcrumbList\",\"@id\":\"https:\/\/www.ong-prevoyance.net\/index.php\/2024\/06\/12\/journee-mondiale-contre-le-travail-des-enfants\/#breadcrumb\",\"itemListElement\":[{\"@type\":\"ListItem\",\"position\":1,\"name\":\"Accueil\",\"item\":\"https:\/\/www.ong-prevoyance.net\/\"},{\"@type\":\"ListItem\",\"position\":2,\"name\":\"Non class\u00e9\",\"item\":\"https:\/\/www.ong-prevoyance.net\/index.php\/non-classe-fr\/\"},{\"@type\":\"ListItem\",\"position\":3,\"name\":\"12 Juin,La journ\u00e9e mondiale contre le travail des enfants\"}]},{\"@type\":\"WebSite\",\"@id\":\"https:\/\/www.ong-prevoyance.net\/#website\",\"url\":\"https:\/\/www.ong-prevoyance.net\/\",\"name\":\"ong-prevoyance\",\"description\":\"\",\"publisher\":{\"@id\":\"https:\/\/www.ong-prevoyance.net\/#organization\"},\"potentialAction\":[{\"@type\":\"SearchAction\",\"target\":{\"@type\":\"EntryPoint\",\"urlTemplate\":\"https:\/\/www.ong-prevoyance.net\/?s={search_term_string}\"},\"query-input\":\"required name=search_term_string\"}],\"inLanguage\":\"fr-FR\"},{\"@type\":\"Organization\",\"@id\":\"https:\/\/www.ong-prevoyance.net\/#organization\",\"name\":\"ong-prevoyance\",\"url\":\"https:\/\/www.ong-prevoyance.net\/\",\"logo\":{\"@type\":\"ImageObject\",\"inLanguage\":\"fr-FR\",\"@id\":\"https:\/\/www.ong-prevoyance.net\/#\/schema\/logo\/image\/\",\"url\":\"https:\/\/www.ong-prevoyance.net\/wp-content\/uploads\/2021\/08\/PHOTO-2023-06-26-12-32-13-removebg-preview-Copie.png\",\"contentUrl\":\"https:\/\/www.ong-prevoyance.net\/wp-content\/uploads\/2021\/08\/PHOTO-2023-06-26-12-32-13-removebg-preview-Copie.png\",\"width\":500,\"height\":500,\"caption\":\"ong-prevoyance\"},\"image\":{\"@id\":\"https:\/\/www.ong-prevoyance.net\/#\/schema\/logo\/image\/\"},\"sameAs\":[\"https:\/\/www.facebook.com\/ongprevoyance\/\",\"https:\/\/www.linkedin.com\/company\/ong-prevoyance\/\"]},{\"@type\":\"Person\",\"@id\":\"https:\/\/www.ong-prevoyance.net\/#\/schema\/person\/5d8af13cb7b53e82f57f6176bac5b485\",\"name\":\"admin1\",\"image\":{\"@type\":\"ImageObject\",\"inLanguage\":\"fr-FR\",\"@id\":\"https:\/\/www.ong-prevoyance.net\/#\/schema\/person\/image\/\",\"url\":\"https:\/\/secure.gravatar.com\/avatar\/e87dc736d8d59f5fbc12e1e2e64afba28980e9f2860fcb8db45bcabbc65f400e?s=96&d=mm&r=g\",\"contentUrl\":\"https:\/\/secure.gravatar.com\/avatar\/e87dc736d8d59f5fbc12e1e2e64afba28980e9f2860fcb8db45bcabbc65f400e?s=96&d=mm&r=g\",\"caption\":\"admin1\"},\"sameAs\":[\"https:\/\/www.ong-prevoyance.net\/\"],\"url\":\"https:\/\/www.ong-prevoyance.net\/index.php\/author\/admin1\/\"}]}<\/script>\n<!-- \/ Yoast SEO plugin. -->","yoast_head_json":{"title":"12 Juin,La journ\u00e9e mondiale contre le travail des enfants - ongprevoyance","description":"D\u00e9couvrez les actions et les enjeux de la Journ\u00e9e mondiale contre le travail des enfants, c\u00e9l\u00e9br\u00e9e chaque 12 juin...","robots":{"index":"index","follow":"follow","max-snippet":"max-snippet:-1","max-image-preview":"max-image-preview:large","max-video-preview":"max-video-preview:-1"},"canonical":"https:\/\/www.ong-prevoyance.net\/index.php\/2024\/06\/12\/journee-mondiale-contre-le-travail-des-enfants\/","og_locale":"fr_FR","og_type":"article","og_title":"12 Juin,La journ\u00e9e mondiale contre le travail des enfants - ongprevoyance","og_description":"D\u00e9couvrez les actions et les enjeux de la Journ\u00e9e mondiale contre le travail des enfants, c\u00e9l\u00e9br\u00e9e chaque 12 juin...","og_url":"https:\/\/www.ong-prevoyance.net\/index.php\/2024\/06\/12\/journee-mondiale-contre-le-travail-des-enfants\/","og_site_name":"ongprevoyance","article_publisher":"https:\/\/www.facebook.com\/ongprevoyance\/","article_published_time":"2024-06-12T11:48:15+00:00","article_modified_time":"2024-06-12T11:48:16+00:00","og_image":[{"width":1024,"height":1024,"url":"https:\/\/www.ong-prevoyance.net\/wp-content\/uploads\/2024\/06\/Visuel-12-Juin-Journee-Contre-le-Travail-des-Enfants-1024x1024.png","type":"image\/png"}],"author":"admin1","twitter_card":"summary_large_image","twitter_misc":{"\u00c9crit par":"admin1","Dur\u00e9e de lecture estim\u00e9e":"2 minutes"},"schema":{"@context":"https:\/\/schema.org","@graph":[{"@type":"Article","@id":"https:\/\/www.ong-prevoyance.net\/index.php\/2024\/06\/12\/journee-mondiale-contre-le-travail-des-enfants\/#article","isPartOf":{"@id":"https:\/\/www.ong-prevoyance.net\/index.php\/2024\/06\/12\/journee-mondiale-contre-le-travail-des-enfants\/"},"author":{"name":"admin1","@id":"https:\/\/www.ong-prevoyance.net\/#\/schema\/person\/5d8af13cb7b53e82f57f6176bac5b485"},"headline":"12 Juin,La journ\u00e9e mondiale contre le travail des enfants","datePublished":"2024-06-12T11:48:15+00:00","dateModified":"2024-06-12T11:48:16+00:00","mainEntityOfPage":{"@id":"https:\/\/www.ong-prevoyance.net\/index.php\/2024\/06\/12\/journee-mondiale-contre-le-travail-des-enfants\/"},"wordCount":349,"commentCount":0,"publisher":{"@id":"https:\/\/www.ong-prevoyance.net\/#organization"},"image":{"@id":"https:\/\/www.ong-prevoyance.net\/index.php\/2024\/06\/12\/journee-mondiale-contre-le-travail-des-enfants\/#primaryimage"},"thumbnailUrl":"https:\/\/www.ong-prevoyance.net\/wp-content\/uploads\/2024\/06\/Visuel-12-Juin-Journee-Contre-le-Travail-des-Enfants.png","inLanguage":"fr-FR","potentialAction":[{"@type":"CommentAction","name":"Comment","target":["https:\/\/www.ong-prevoyance.net\/index.php\/2024\/06\/12\/journee-mondiale-contre-le-travail-des-enfants\/#respond"]}]},{"@type":"WebPage","@id":"https:\/\/www.ong-prevoyance.net\/index.php\/2024\/06\/12\/journee-mondiale-contre-le-travail-des-enfants\/","url":"https:\/\/www.ong-prevoyance.net\/index.php\/2024\/06\/12\/journee-mondiale-contre-le-travail-des-enfants\/","name":"12 Juin,La journ\u00e9e mondiale contre le travail des enfants - ongprevoyance","isPartOf":{"@id":"https:\/\/www.ong-prevoyance.net\/#website"},"primaryImageOfPage":{"@id":"https:\/\/www.ong-prevoyance.net\/index.php\/2024\/06\/12\/journee-mondiale-contre-le-travail-des-enfants\/#primaryimage"},"image":{"@id":"https:\/\/www.ong-prevoyance.net\/index.php\/2024\/06\/12\/journee-mondiale-contre-le-travail-des-enfants\/#primaryimage"},"thumbnailUrl":"https:\/\/www.ong-prevoyance.net\/wp-content\/uploads\/2024\/06\/Visuel-12-Juin-Journee-Contre-le-Travail-des-Enfants.png","datePublished":"2024-06-12T11:48:15+00:00","dateModified":"2024-06-12T11:48:16+00:00","description":"D\u00e9couvrez les actions et les enjeux de la Journ\u00e9e mondiale contre le travail des enfants, c\u00e9l\u00e9br\u00e9e chaque 12 juin...","breadcrumb":{"@id":"https:\/\/www.ong-prevoyance.net\/index.php\/2024\/06\/12\/journee-mondiale-contre-le-travail-des-enfants\/#breadcrumb"},"inLanguage":"fr-FR","potentialAction":[{"@type":"ReadAction","target":["https:\/\/www.ong-prevoyance.net\/index.php\/2024\/06\/12\/journee-mondiale-contre-le-travail-des-enfants\/"]}]},{"@type":"ImageObject","inLanguage":"fr-FR","@id":"https:\/\/www.ong-prevoyance.net\/index.php\/2024\/06\/12\/journee-mondiale-contre-le-travail-des-enfants\/#primaryimage","url":"https:\/\/www.ong-prevoyance.net\/wp-content\/uploads\/2024\/06\/Visuel-12-Juin-Journee-Contre-le-Travail-des-Enfants.png","contentUrl":"https:\/\/www.ong-prevoyance.net\/wp-content\/uploads\/2024\/06\/Visuel-12-Juin-Journee-Contre-le-Travail-des-Enfants.png","width":3000,"height":3000},{"@type":"BreadcrumbList","@id":"https:\/\/www.ong-prevoyance.net\/index.php\/2024\/06\/12\/journee-mondiale-contre-le-travail-des-enfants\/#breadcrumb","itemListElement":[{"@type":"ListItem","position":1,"name":"Accueil","item":"https:\/\/www.ong-prevoyance.net\/"},{"@type":"ListItem","position":2,"name":"Non class\u00e9","item":"https:\/\/www.ong-prevoyance.net\/index.php\/non-classe-fr\/"},{"@type":"ListItem","position":3,"name":"12 Juin,La journ\u00e9e mondiale contre le travail des enfants"}]},{"@type":"WebSite","@id":"https:\/\/www.ong-prevoyance.net\/#website","url":"https:\/\/www.ong-prevoyance.net\/","name":"ong-prevoyance","description":"","publisher":{"@id":"https:\/\/www.ong-prevoyance.net\/#organization"},"potentialAction":[{"@type":"SearchAction","target":{"@type":"EntryPoint","urlTemplate":"https:\/\/www.ong-prevoyance.net\/?s={search_term_string}"},"query-input":"required name=search_term_string"}],"inLanguage":"fr-FR"},{"@type":"Organization","@id":"https:\/\/www.ong-prevoyance.net\/#organization","name":"ong-prevoyance","url":"https:\/\/www.ong-prevoyance.net\/","logo":{"@type":"ImageObject","inLanguage":"fr-FR","@id":"https:\/\/www.ong-prevoyance.net\/#\/schema\/logo\/image\/","url":"https:\/\/www.ong-prevoyance.net\/wp-content\/uploads\/2021\/08\/PHOTO-2023-06-26-12-32-13-removebg-preview-Copie.png","contentUrl":"https:\/\/www.ong-prevoyance.net\/wp-content\/uploads\/2021\/08\/PHOTO-2023-06-26-12-32-13-removebg-preview-Copie.png","width":500,"height":500,"caption":"ong-prevoyance"},"image":{"@id":"https:\/\/www.ong-prevoyance.net\/#\/schema\/logo\/image\/"},"sameAs":["https:\/\/www.facebook.com\/ongprevoyance\/","https:\/\/www.linkedin.com\/company\/ong-prevoyance\/"]},{"@type":"Person","@id":"https:\/\/www.ong-prevoyance.net\/#\/schema\/person\/5d8af13cb7b53e82f57f6176bac5b485","name":"admin1","image":{"@type":"ImageObject","inLanguage":"fr-FR","@id":"https:\/\/www.ong-prevoyance.net\/#\/schema\/person\/image\/","url":"https:\/\/secure.gravatar.com\/avatar\/e87dc736d8d59f5fbc12e1e2e64afba28980e9f2860fcb8db45bcabbc65f400e?s=96&d=mm&r=g","contentUrl":"https:\/\/secure.gravatar.com\/avatar\/e87dc736d8d59f5fbc12e1e2e64afba28980e9f2860fcb8db45bcabbc65f400e?s=96&d=mm&r=g","caption":"admin1"},"sameAs":["https:\/\/www.ong-prevoyance.net\/"],"url":"https:\/\/www.ong-prevoyance.net\/index.php\/author\/admin1\/"}]}},"_links":{"self":[{"href":"https:\/\/www.ong-prevoyance.net\/index.php\/wp-json\/wp\/v2\/posts\/2541","targetHints":{"allow":["GET"]}}],"collection":[{"href":"https:\/\/www.ong-prevoyance.net\/index.php\/wp-json\/wp\/v2\/posts"}],"about":[{"href":"https:\/\/www.ong-prevoyance.net\/index.php\/wp-json\/wp\/v2\/types\/post"}],"author":[{"embeddable":true,"href":"https:\/\/www.ong-prevoyance.net\/index.php\/wp-json\/wp\/v2\/users\/1"}],"replies":[{"embeddable":true,"href":"https:\/\/www.ong-prevoyance.net\/index.php\/wp-json\/wp\/v2\/comments?post=2541"}],"version-history":[{"count":1,"href":"https:\/\/www.ong-prevoyance.net\/index.php\/wp-json\/wp\/v2\/posts\/2541\/revisions"}],"predecessor-version":[{"id":2543,"href":"https:\/\/www.ong-prevoyance.net\/index.php\/wp-json\/wp\/v2\/posts\/2541\/revisions\/2543"}],"wp:featuredmedia":[{"embeddable":true,"href":"https:\/\/www.ong-prevoyance.net\/index.php\/wp-json\/wp\/v2\/media\/2542"}],"wp:attachment":[{"href":"https:\/\/www.ong-prevoyance.net\/index.php\/wp-json\/wp\/v2\/media?parent=2541"}],"wp:term":[{"taxonomy":"category","embeddable":true,"href":"https:\/\/www.ong-prevoyance.net\/index.php\/wp-json\/wp\/v2\/categories?post=2541"},{"taxonomy":"post_tag","embeddable":true,"href":"https:\/\/www.ong-prevoyance.net\/index.php\/wp-json\/wp\/v2\/tags?post=2541"}],"curies":[{"name":"wp","href":"https:\/\/api.w.org\/{rel}","templated":true}]}}