{"id":2545,"date":"2024-07-04T13:07:19","date_gmt":"2024-07-04T11:07:19","guid":{"rendered":"https:\/\/www.ong-prevoyance.net\/?p=2545"},"modified":"2024-07-04T13:07:20","modified_gmt":"2024-07-04T11:07:20","slug":"journee-internationale-pour-le-soutien-aux-victimes-de-la-torture","status":"publish","type":"post","link":"https:\/\/www.ong-prevoyance.net\/index.php\/2024\/07\/04\/journee-internationale-pour-le-soutien-aux-victimes-de-la-torture\/","title":{"rendered":"\ud835\udc0b\ud835\udc1a \ud835\udc09\ud835\udc28\ud835\udc2e\ud835\udc2b\ud835\udc27\ud835\udc1e\u0301\ud835\udc1e \ud835\udc08\ud835\udc27\ud835\udc2d\ud835\udc1e\ud835\udc2b\ud835\udc27\ud835\udc1a\ud835\udc2d\ud835\udc22\ud835\udc28\ud835\udc27\ud835\udc1a\ud835\udc25\ud835\udc1e \ud835\udc29\ud835\udc28\ud835\udc2e\ud835\udc2b \ud835\udc25\ud835\udc1e \ud835\udc2c\ud835\udc28\ud835\udc2e\ud835\udc2d\ud835\udc22\ud835\udc1e\ud835\udc27 \ud835\udc1a\ud835\udc2e\ud835\udc31 \ud835\udc15\ud835\udc22\ud835\udc1c\ud835\udc2d\ud835\udc22\ud835\udc26\ud835\udc1e\ud835\udc2c \ud835\udc1d\ud835\udc1e \ud835\udc25\ud835\udc1a \ud835\udc13\ud835\udc28\ud835\udc2b\ud835\udc2d\ud835\udc2e\ud835\udc2b\ud835\udc1e."},"content":{"rendered":"\n<p>Selon l\u2019article 1 de la convention de 1984 contre la torture, la torture d\u00e9signe tout acte par lequel une douleur ou des souffrances aigu\u00ebs, physiques ou mentales, sont intentionnellement inflig\u00e9es \u00e0 une personne aux fins notamment d\u2019obtenir d\u2019elle ou d\u2019une tierce personne des renseignements ou des aveux, de la punir d\u2019un acte qu\u2019elle ou une tierce personne a commis ou est soup\u00e7onn\u00e9e d\u2019avoir commis.<\/p>\n\n\n\n<p>Les sources juridiques internationales du soutien aux victimes de torture sont entre autres la d\u00e9claration universelle des droits de l\u2019homme de 1948 ; la convention contre la torture autres peines ou traitements cruels, inhumains ou d\u00e9gradants de 1984, entr\u00e9e en vigueur en 1987 ; la convention internationale sur l\u2019\u00e9limination de toutes formes de discrimination raciale, entr\u00e9e en vigueur le 4 janvier 1969\u2026<\/p>\n\n\n\n<p>Afin de venir en aide aux victimes de torture les Nations Unies ont mis en place en 1981 le Fonds de contributions volontaires. L\u2019objectif du Fonds est d\u2019aider les victimes et leurs familles \u00e0 reconstruire leur vie et \u00e0 demander r\u00e9paration pour les violations des droits de l\u2019homme qu\u2019elles ont subies. Il permet de secourir chaque ann\u00e9e plus de 50 000 survivants de torture.<\/p>\n\n\n\n<p>En C\u00f4te d\u2019Ivoire durant la crise post\u00e9lectorale d\u2019octobre 2010 \u00e0 mai 2011, 296 cas de tortures ayant entra\u00een\u00e9 la mort, 196 cas de viols et 1 354 cas de tortures et mauvais traitements ont \u00e9t\u00e9 recens\u00e9s par la Commission nationale d\u2019enqu\u00eate (CNE).<br>La torture r\u00e9duit la personne \u00e0 un \u00e9tat extr\u00eame de d\u00e9tresse et d\u2019impuissance. La personne humaine \u00e9tant inviolable la torture fait partie des actes de violation des droits fondamentaux de l\u2019homme.<\/p>\n\n\n\n<p><a href=\"https:\/\/www.ohchr.org\/fr\/about-us\/funding-budget\/trust-funds\/united-nations-voluntary-fund-victims-torture\">https:\/\/www.ohchr.org\/fr\/about-us\/funding-budget\/trust-funds\/united-nations-voluntary-fund-victims-torture<\/a> <\/p>\n\n\n\n<p><a href=\"https:\/\/www.ong-prevoyance.net\/index.php\/news\/\">https:\/\/www.ong-prevoyance.net\/index.php\/news\/<\/a><\/p>\n","protected":false},"excerpt":{"rendered":"<p>Selon l\u2019article 1 de la convention de 1984 contre la torture, la torture d\u00e9signe tout acte par lequel une douleur ou des souffrances aigu\u00ebs, physiques ou mentales, sont intentionnellement inflig\u00e9es [&hellip;]<\/p>\n","protected":false},"author":1,"featured_media":2546,"comment_status":"open","ping_status":"open","sticky":false,"template":"","format":"standard","meta":{"footnotes":""},"categories":[60],"tags":[],"class_list":["post-2545","post","type-post","status-publish","format-standard","has-post-thumbnail","hentry","category-non-classe-fr"],"yoast_head":"<!-- This site is optimized with the Yoast SEO plugin v23.0 - https:\/\/yoast.com\/wordpress\/plugins\/seo\/ -->\n<title>\ud835\udc0b\ud835\udc1a \ud835\udc09\ud835\udc28\ud835\udc2e\ud835\udc2b\ud835\udc27\ud835\udc1e\u0301\ud835\udc1e \ud835\udc08\ud835\udc27\ud835\udc2d\ud835\udc1e\ud835\udc2b\ud835\udc27\ud835\udc1a\ud835\udc2d\ud835\udc22\ud835\udc28\ud835\udc27\ud835\udc1a\ud835\udc25\ud835\udc1e \ud835\udc29\ud835\udc28\ud835\udc2e\ud835\udc2b \ud835\udc25\ud835\udc1e \ud835\udc2c\ud835\udc28\ud835\udc2e\ud835\udc2d\ud835\udc22\ud835\udc1e\ud835\udc27 \ud835\udc1a\ud835\udc2e\ud835\udc31 \ud835\udc15\ud835\udc22\ud835\udc1c\ud835\udc2d\ud835\udc22\ud835\udc26\ud835\udc1e\ud835\udc2c \ud835\udc1d\ud835\udc1e \ud835\udc25\ud835\udc1a \ud835\udc13\ud835\udc28\ud835\udc2b\ud835\udc2d\ud835\udc2e\ud835\udc2b\ud835\udc1e. - ongprevoyance<\/title>\n<meta name=\"description\" content=\"Participez \u00e0 la Journ\u00e9e Internationale pour le soutien aux victimes de la torture. Informez-vous sur les actions mondiales.\" \/>\n<meta name=\"robots\" content=\"index, follow, max-snippet:-1, max-image-preview:large, max-video-preview:-1\" \/>\n<link rel=\"canonical\" href=\"https:\/\/www.ong-prevoyance.net\/index.php\/2024\/07\/04\/journee-internationale-pour-le-soutien-aux-victimes-de-la-torture\/\" \/>\n<meta property=\"og:locale\" content=\"fr_FR\" \/>\n<meta property=\"og:type\" content=\"article\" \/>\n<meta property=\"og:title\" content=\"\ud835\udc0b\ud835\udc1a \ud835\udc09\ud835\udc28\ud835\udc2e\ud835\udc2b\ud835\udc27\ud835\udc1e\u0301\ud835\udc1e \ud835\udc08\ud835\udc27\ud835\udc2d\ud835\udc1e\ud835\udc2b\ud835\udc27\ud835\udc1a\ud835\udc2d\ud835\udc22\ud835\udc28\ud835\udc27\ud835\udc1a\ud835\udc25\ud835\udc1e \ud835\udc29\ud835\udc28\ud835\udc2e\ud835\udc2b \ud835\udc25\ud835\udc1e \ud835\udc2c\ud835\udc28\ud835\udc2e\ud835\udc2d\ud835\udc22\ud835\udc1e\ud835\udc27 \ud835\udc1a\ud835\udc2e\ud835\udc31 \ud835\udc15\ud835\udc22\ud835\udc1c\ud835\udc2d\ud835\udc22\ud835\udc26\ud835\udc1e\ud835\udc2c \ud835\udc1d\ud835\udc1e \ud835\udc25\ud835\udc1a \ud835\udc13\ud835\udc28\ud835\udc2b\ud835\udc2d\ud835\udc2e\ud835\udc2b\ud835\udc1e. - ongprevoyance\" \/>\n<meta property=\"og:description\" content=\"Participez \u00e0 la Journ\u00e9e Internationale pour le soutien aux victimes de la torture. Informez-vous sur les actions mondiales.\" \/>\n<meta property=\"og:url\" content=\"https:\/\/www.ong-prevoyance.net\/index.php\/2024\/07\/04\/journee-internationale-pour-le-soutien-aux-victimes-de-la-torture\/\" \/>\n<meta property=\"og:site_name\" content=\"ongprevoyance\" \/>\n<meta property=\"article:publisher\" content=\"https:\/\/www.facebook.com\/ongprevoyance\/\" \/>\n<meta property=\"article:published_time\" content=\"2024-07-04T11:07:19+00:00\" \/>\n<meta property=\"article:modified_time\" content=\"2024-07-04T11:07:20+00:00\" \/>\n<meta property=\"og:image\" content=\"https:\/\/www.ong-prevoyance.net\/wp-content\/uploads\/2024\/07\/WhatsApp-Image-2024-07-04-at-10.04.49.jpeg\" \/>\n\t<meta property=\"og:image:width\" content=\"1080\" \/>\n\t<meta property=\"og:image:height\" content=\"1080\" \/>\n\t<meta property=\"og:image:type\" content=\"image\/jpeg\" \/>\n<meta name=\"author\" content=\"admin1\" \/>\n<meta name=\"twitter:card\" content=\"summary_large_image\" \/>\n<meta name=\"twitter:label1\" content=\"\u00c9crit par\" \/>\n\t<meta name=\"twitter:data1\" content=\"admin1\" \/>\n\t<meta name=\"twitter:label2\" content=\"Dur\u00e9e de lecture estim\u00e9e\" \/>\n\t<meta name=\"twitter:data2\" content=\"2 minutes\" \/>\n<script type=\"application\/ld+json\" class=\"yoast-schema-graph\">{\"@context\":\"https:\/\/schema.org\",\"@graph\":[{\"@type\":\"Article\",\"@id\":\"https:\/\/www.ong-prevoyance.net\/index.php\/2024\/07\/04\/journee-internationale-pour-le-soutien-aux-victimes-de-la-torture\/#article\",\"isPartOf\":{\"@id\":\"https:\/\/www.ong-prevoyance.net\/index.php\/2024\/07\/04\/journee-internationale-pour-le-soutien-aux-victimes-de-la-torture\/\"},\"author\":{\"name\":\"admin1\",\"@id\":\"https:\/\/www.ong-prevoyance.net\/#\/schema\/person\/5d8af13cb7b53e82f57f6176bac5b485\"},\"headline\":\"\ud835\udc0b\ud835\udc1a \ud835\udc09\ud835\udc28\ud835\udc2e\ud835\udc2b\ud835\udc27\ud835\udc1e\u0301\ud835\udc1e \ud835\udc08\ud835\udc27\ud835\udc2d\ud835\udc1e\ud835\udc2b\ud835\udc27\ud835\udc1a\ud835\udc2d\ud835\udc22\ud835\udc28\ud835\udc27\ud835\udc1a\ud835\udc25\ud835\udc1e \ud835\udc29\ud835\udc28\ud835\udc2e\ud835\udc2b \ud835\udc25\ud835\udc1e \ud835\udc2c\ud835\udc28\ud835\udc2e\ud835\udc2d\ud835\udc22\ud835\udc1e\ud835\udc27 \ud835\udc1a\ud835\udc2e\ud835\udc31 \ud835\udc15\ud835\udc22\ud835\udc1c\ud835\udc2d\ud835\udc22\ud835\udc26\ud835\udc1e\ud835\udc2c \ud835\udc1d\ud835\udc1e \ud835\udc25\ud835\udc1a \ud835\udc13\ud835\udc28\ud835\udc2b\ud835\udc2d\ud835\udc2e\ud835\udc2b\ud835\udc1e.\",\"datePublished\":\"2024-07-04T11:07:19+00:00\",\"dateModified\":\"2024-07-04T11:07:20+00:00\",\"mainEntityOfPage\":{\"@id\":\"https:\/\/www.ong-prevoyance.net\/index.php\/2024\/07\/04\/journee-internationale-pour-le-soutien-aux-victimes-de-la-torture\/\"},\"wordCount\":293,\"commentCount\":0,\"publisher\":{\"@id\":\"https:\/\/www.ong-prevoyance.net\/#organization\"},\"image\":{\"@id\":\"https:\/\/www.ong-prevoyance.net\/index.php\/2024\/07\/04\/journee-internationale-pour-le-soutien-aux-victimes-de-la-torture\/#primaryimage\"},\"thumbnailUrl\":\"https:\/\/www.ong-prevoyance.net\/wp-content\/uploads\/2024\/07\/WhatsApp-Image-2024-07-04-at-10.04.49.jpeg\",\"inLanguage\":\"fr-FR\",\"potentialAction\":[{\"@type\":\"CommentAction\",\"name\":\"Comment\",\"target\":[\"https:\/\/www.ong-prevoyance.net\/index.php\/2024\/07\/04\/journee-internationale-pour-le-soutien-aux-victimes-de-la-torture\/#respond\"]}]},{\"@type\":\"WebPage\",\"@id\":\"https:\/\/www.ong-prevoyance.net\/index.php\/2024\/07\/04\/journee-internationale-pour-le-soutien-aux-victimes-de-la-torture\/\",\"url\":\"https:\/\/www.ong-prevoyance.net\/index.php\/2024\/07\/04\/journee-internationale-pour-le-soutien-aux-victimes-de-la-torture\/\",\"name\":\"\ud835\udc0b\ud835\udc1a \ud835\udc09\ud835\udc28\ud835\udc2e\ud835\udc2b\ud835\udc27\ud835\udc1e\u0301\ud835\udc1e \ud835\udc08\ud835\udc27\ud835\udc2d\ud835\udc1e\ud835\udc2b\ud835\udc27\ud835\udc1a\ud835\udc2d\ud835\udc22\ud835\udc28\ud835\udc27\ud835\udc1a\ud835\udc25\ud835\udc1e \ud835\udc29\ud835\udc28\ud835\udc2e\ud835\udc2b \ud835\udc25\ud835\udc1e \ud835\udc2c\ud835\udc28\ud835\udc2e\ud835\udc2d\ud835\udc22\ud835\udc1e\ud835\udc27 \ud835\udc1a\ud835\udc2e\ud835\udc31 \ud835\udc15\ud835\udc22\ud835\udc1c\ud835\udc2d\ud835\udc22\ud835\udc26\ud835\udc1e\ud835\udc2c \ud835\udc1d\ud835\udc1e \ud835\udc25\ud835\udc1a \ud835\udc13\ud835\udc28\ud835\udc2b\ud835\udc2d\ud835\udc2e\ud835\udc2b\ud835\udc1e. - ongprevoyance\",\"isPartOf\":{\"@id\":\"https:\/\/www.ong-prevoyance.net\/#website\"},\"primaryImageOfPage\":{\"@id\":\"https:\/\/www.ong-prevoyance.net\/index.php\/2024\/07\/04\/journee-internationale-pour-le-soutien-aux-victimes-de-la-torture\/#primaryimage\"},\"image\":{\"@id\":\"https:\/\/www.ong-prevoyance.net\/index.php\/2024\/07\/04\/journee-internationale-pour-le-soutien-aux-victimes-de-la-torture\/#primaryimage\"},\"thumbnailUrl\":\"https:\/\/www.ong-prevoyance.net\/wp-content\/uploads\/2024\/07\/WhatsApp-Image-2024-07-04-at-10.04.49.jpeg\",\"datePublished\":\"2024-07-04T11:07:19+00:00\",\"dateModified\":\"2024-07-04T11:07:20+00:00\",\"description\":\"Participez \u00e0 la Journ\u00e9e Internationale pour le soutien aux victimes de la torture. Informez-vous sur les actions mondiales.\",\"breadcrumb\":{\"@id\":\"https:\/\/www.ong-prevoyance.net\/index.php\/2024\/07\/04\/journee-internationale-pour-le-soutien-aux-victimes-de-la-torture\/#breadcrumb\"},\"inLanguage\":\"fr-FR\",\"potentialAction\":[{\"@type\":\"ReadAction\",\"target\":[\"https:\/\/www.ong-prevoyance.net\/index.php\/2024\/07\/04\/journee-internationale-pour-le-soutien-aux-victimes-de-la-torture\/\"]}]},{\"@type\":\"ImageObject\",\"inLanguage\":\"fr-FR\",\"@id\":\"https:\/\/www.ong-prevoyance.net\/index.php\/2024\/07\/04\/journee-internationale-pour-le-soutien-aux-victimes-de-la-torture\/#primaryimage\",\"url\":\"https:\/\/www.ong-prevoyance.net\/wp-content\/uploads\/2024\/07\/WhatsApp-Image-2024-07-04-at-10.04.49.jpeg\",\"contentUrl\":\"https:\/\/www.ong-prevoyance.net\/wp-content\/uploads\/2024\/07\/WhatsApp-Image-2024-07-04-at-10.04.49.jpeg\",\"width\":1080,\"height\":1080},{\"@type\":\"BreadcrumbList\",\"@id\":\"https:\/\/www.ong-prevoyance.net\/index.php\/2024\/07\/04\/journee-internationale-pour-le-soutien-aux-victimes-de-la-torture\/#breadcrumb\",\"itemListElement\":[{\"@type\":\"ListItem\",\"position\":1,\"name\":\"Accueil\",\"item\":\"https:\/\/www.ong-prevoyance.net\/\"},{\"@type\":\"ListItem\",\"position\":2,\"name\":\"Non class\u00e9\",\"item\":\"https:\/\/www.ong-prevoyance.net\/index.php\/non-classe-fr\/\"},{\"@type\":\"ListItem\",\"position\":3,\"name\":\"\ud835\udc0b\ud835\udc1a \ud835\udc09\ud835\udc28\ud835\udc2e\ud835\udc2b\ud835\udc27\ud835\udc1e\u0301\ud835\udc1e \ud835\udc08\ud835\udc27\ud835\udc2d\ud835\udc1e\ud835\udc2b\ud835\udc27\ud835\udc1a\ud835\udc2d\ud835\udc22\ud835\udc28\ud835\udc27\ud835\udc1a\ud835\udc25\ud835\udc1e \ud835\udc29\ud835\udc28\ud835\udc2e\ud835\udc2b \ud835\udc25\ud835\udc1e \ud835\udc2c\ud835\udc28\ud835\udc2e\ud835\udc2d\ud835\udc22\ud835\udc1e\ud835\udc27 \ud835\udc1a\ud835\udc2e\ud835\udc31 \ud835\udc15\ud835\udc22\ud835\udc1c\ud835\udc2d\ud835\udc22\ud835\udc26\ud835\udc1e\ud835\udc2c \ud835\udc1d\ud835\udc1e \ud835\udc25\ud835\udc1a \ud835\udc13\ud835\udc28\ud835\udc2b\ud835\udc2d\ud835\udc2e\ud835\udc2b\ud835\udc1e.\"}]},{\"@type\":\"WebSite\",\"@id\":\"https:\/\/www.ong-prevoyance.net\/#website\",\"url\":\"https:\/\/www.ong-prevoyance.net\/\",\"name\":\"ong-prevoyance\",\"description\":\"\",\"publisher\":{\"@id\":\"https:\/\/www.ong-prevoyance.net\/#organization\"},\"potentialAction\":[{\"@type\":\"SearchAction\",\"target\":{\"@type\":\"EntryPoint\",\"urlTemplate\":\"https:\/\/www.ong-prevoyance.net\/?s={search_term_string}\"},\"query-input\":\"required name=search_term_string\"}],\"inLanguage\":\"fr-FR\"},{\"@type\":\"Organization\",\"@id\":\"https:\/\/www.ong-prevoyance.net\/#organization\",\"name\":\"ong-prevoyance\",\"url\":\"https:\/\/www.ong-prevoyance.net\/\",\"logo\":{\"@type\":\"ImageObject\",\"inLanguage\":\"fr-FR\",\"@id\":\"https:\/\/www.ong-prevoyance.net\/#\/schema\/logo\/image\/\",\"url\":\"https:\/\/www.ong-prevoyance.net\/wp-content\/uploads\/2021\/08\/PHOTO-2023-06-26-12-32-13-removebg-preview-Copie.png\",\"contentUrl\":\"https:\/\/www.ong-prevoyance.net\/wp-content\/uploads\/2021\/08\/PHOTO-2023-06-26-12-32-13-removebg-preview-Copie.png\",\"width\":500,\"height\":500,\"caption\":\"ong-prevoyance\"},\"image\":{\"@id\":\"https:\/\/www.ong-prevoyance.net\/#\/schema\/logo\/image\/\"},\"sameAs\":[\"https:\/\/www.facebook.com\/ongprevoyance\/\",\"https:\/\/www.linkedin.com\/company\/ong-prevoyance\/\"]},{\"@type\":\"Person\",\"@id\":\"https:\/\/www.ong-prevoyance.net\/#\/schema\/person\/5d8af13cb7b53e82f57f6176bac5b485\",\"name\":\"admin1\",\"image\":{\"@type\":\"ImageObject\",\"inLanguage\":\"fr-FR\",\"@id\":\"https:\/\/www.ong-prevoyance.net\/#\/schema\/person\/image\/\",\"url\":\"https:\/\/secure.gravatar.com\/avatar\/e87dc736d8d59f5fbc12e1e2e64afba28980e9f2860fcb8db45bcabbc65f400e?s=96&d=mm&r=g\",\"contentUrl\":\"https:\/\/secure.gravatar.com\/avatar\/e87dc736d8d59f5fbc12e1e2e64afba28980e9f2860fcb8db45bcabbc65f400e?s=96&d=mm&r=g\",\"caption\":\"admin1\"},\"sameAs\":[\"https:\/\/www.ong-prevoyance.net\/\"],\"url\":\"https:\/\/www.ong-prevoyance.net\/index.php\/author\/admin1\/\"}]}<\/script>\n<!-- \/ Yoast SEO plugin. -->","yoast_head_json":{"title":"\ud835\udc0b\ud835\udc1a \ud835\udc09\ud835\udc28\ud835\udc2e\ud835\udc2b\ud835\udc27\ud835\udc1e\u0301\ud835\udc1e \ud835\udc08\ud835\udc27\ud835\udc2d\ud835\udc1e\ud835\udc2b\ud835\udc27\ud835\udc1a\ud835\udc2d\ud835\udc22\ud835\udc28\ud835\udc27\ud835\udc1a\ud835\udc25\ud835\udc1e \ud835\udc29\ud835\udc28\ud835\udc2e\ud835\udc2b \ud835\udc25\ud835\udc1e \ud835\udc2c\ud835\udc28\ud835\udc2e\ud835\udc2d\ud835\udc22\ud835\udc1e\ud835\udc27 \ud835\udc1a\ud835\udc2e\ud835\udc31 \ud835\udc15\ud835\udc22\ud835\udc1c\ud835\udc2d\ud835\udc22\ud835\udc26\ud835\udc1e\ud835\udc2c \ud835\udc1d\ud835\udc1e \ud835\udc25\ud835\udc1a \ud835\udc13\ud835\udc28\ud835\udc2b\ud835\udc2d\ud835\udc2e\ud835\udc2b\ud835\udc1e. - ongprevoyance","description":"Participez \u00e0 la Journ\u00e9e Internationale pour le soutien aux victimes de la torture. Informez-vous sur les actions mondiales.","robots":{"index":"index","follow":"follow","max-snippet":"max-snippet:-1","max-image-preview":"max-image-preview:large","max-video-preview":"max-video-preview:-1"},"canonical":"https:\/\/www.ong-prevoyance.net\/index.php\/2024\/07\/04\/journee-internationale-pour-le-soutien-aux-victimes-de-la-torture\/","og_locale":"fr_FR","og_type":"article","og_title":"\ud835\udc0b\ud835\udc1a \ud835\udc09\ud835\udc28\ud835\udc2e\ud835\udc2b\ud835\udc27\ud835\udc1e\u0301\ud835\udc1e \ud835\udc08\ud835\udc27\ud835\udc2d\ud835\udc1e\ud835\udc2b\ud835\udc27\ud835\udc1a\ud835\udc2d\ud835\udc22\ud835\udc28\ud835\udc27\ud835\udc1a\ud835\udc25\ud835\udc1e \ud835\udc29\ud835\udc28\ud835\udc2e\ud835\udc2b \ud835\udc25\ud835\udc1e \ud835\udc2c\ud835\udc28\ud835\udc2e\ud835\udc2d\ud835\udc22\ud835\udc1e\ud835\udc27 \ud835\udc1a\ud835\udc2e\ud835\udc31 \ud835\udc15\ud835\udc22\ud835\udc1c\ud835\udc2d\ud835\udc22\ud835\udc26\ud835\udc1e\ud835\udc2c \ud835\udc1d\ud835\udc1e \ud835\udc25\ud835\udc1a \ud835\udc13\ud835\udc28\ud835\udc2b\ud835\udc2d\ud835\udc2e\ud835\udc2b\ud835\udc1e. - ongprevoyance","og_description":"Participez \u00e0 la Journ\u00e9e Internationale pour le soutien aux victimes de la torture. Informez-vous sur les actions mondiales.","og_url":"https:\/\/www.ong-prevoyance.net\/index.php\/2024\/07\/04\/journee-internationale-pour-le-soutien-aux-victimes-de-la-torture\/","og_site_name":"ongprevoyance","article_publisher":"https:\/\/www.facebook.com\/ongprevoyance\/","article_published_time":"2024-07-04T11:07:19+00:00","article_modified_time":"2024-07-04T11:07:20+00:00","og_image":[{"width":1080,"height":1080,"url":"https:\/\/www.ong-prevoyance.net\/wp-content\/uploads\/2024\/07\/WhatsApp-Image-2024-07-04-at-10.04.49.jpeg","type":"image\/jpeg"}],"author":"admin1","twitter_card":"summary_large_image","twitter_misc":{"\u00c9crit par":"admin1","Dur\u00e9e de lecture estim\u00e9e":"2 minutes"},"schema":{"@context":"https:\/\/schema.org","@graph":[{"@type":"Article","@id":"https:\/\/www.ong-prevoyance.net\/index.php\/2024\/07\/04\/journee-internationale-pour-le-soutien-aux-victimes-de-la-torture\/#article","isPartOf":{"@id":"https:\/\/www.ong-prevoyance.net\/index.php\/2024\/07\/04\/journee-internationale-pour-le-soutien-aux-victimes-de-la-torture\/"},"author":{"name":"admin1","@id":"https:\/\/www.ong-prevoyance.net\/#\/schema\/person\/5d8af13cb7b53e82f57f6176bac5b485"},"headline":"\ud835\udc0b\ud835\udc1a \ud835\udc09\ud835\udc28\ud835\udc2e\ud835\udc2b\ud835\udc27\ud835\udc1e\u0301\ud835\udc1e \ud835\udc08\ud835\udc27\ud835\udc2d\ud835\udc1e\ud835\udc2b\ud835\udc27\ud835\udc1a\ud835\udc2d\ud835\udc22\ud835\udc28\ud835\udc27\ud835\udc1a\ud835\udc25\ud835\udc1e \ud835\udc29\ud835\udc28\ud835\udc2e\ud835\udc2b \ud835\udc25\ud835\udc1e \ud835\udc2c\ud835\udc28\ud835\udc2e\ud835\udc2d\ud835\udc22\ud835\udc1e\ud835\udc27 \ud835\udc1a\ud835\udc2e\ud835\udc31 \ud835\udc15\ud835\udc22\ud835\udc1c\ud835\udc2d\ud835\udc22\ud835\udc26\ud835\udc1e\ud835\udc2c \ud835\udc1d\ud835\udc1e \ud835\udc25\ud835\udc1a \ud835\udc13\ud835\udc28\ud835\udc2b\ud835\udc2d\ud835\udc2e\ud835\udc2b\ud835\udc1e.","datePublished":"2024-07-04T11:07:19+00:00","dateModified":"2024-07-04T11:07:20+00:00","mainEntityOfPage":{"@id":"https:\/\/www.ong-prevoyance.net\/index.php\/2024\/07\/04\/journee-internationale-pour-le-soutien-aux-victimes-de-la-torture\/"},"wordCount":293,"commentCount":0,"publisher":{"@id":"https:\/\/www.ong-prevoyance.net\/#organization"},"image":{"@id":"https:\/\/www.ong-prevoyance.net\/index.php\/2024\/07\/04\/journee-internationale-pour-le-soutien-aux-victimes-de-la-torture\/#primaryimage"},"thumbnailUrl":"https:\/\/www.ong-prevoyance.net\/wp-content\/uploads\/2024\/07\/WhatsApp-Image-2024-07-04-at-10.04.49.jpeg","inLanguage":"fr-FR","potentialAction":[{"@type":"CommentAction","name":"Comment","target":["https:\/\/www.ong-prevoyance.net\/index.php\/2024\/07\/04\/journee-internationale-pour-le-soutien-aux-victimes-de-la-torture\/#respond"]}]},{"@type":"WebPage","@id":"https:\/\/www.ong-prevoyance.net\/index.php\/2024\/07\/04\/journee-internationale-pour-le-soutien-aux-victimes-de-la-torture\/","url":"https:\/\/www.ong-prevoyance.net\/index.php\/2024\/07\/04\/journee-internationale-pour-le-soutien-aux-victimes-de-la-torture\/","name":"\ud835\udc0b\ud835\udc1a \ud835\udc09\ud835\udc28\ud835\udc2e\ud835\udc2b\ud835\udc27\ud835\udc1e\u0301\ud835\udc1e \ud835\udc08\ud835\udc27\ud835\udc2d\ud835\udc1e\ud835\udc2b\ud835\udc27\ud835\udc1a\ud835\udc2d\ud835\udc22\ud835\udc28\ud835\udc27\ud835\udc1a\ud835\udc25\ud835\udc1e \ud835\udc29\ud835\udc28\ud835\udc2e\ud835\udc2b \ud835\udc25\ud835\udc1e \ud835\udc2c\ud835\udc28\ud835\udc2e\ud835\udc2d\ud835\udc22\ud835\udc1e\ud835\udc27 \ud835\udc1a\ud835\udc2e\ud835\udc31 \ud835\udc15\ud835\udc22\ud835\udc1c\ud835\udc2d\ud835\udc22\ud835\udc26\ud835\udc1e\ud835\udc2c \ud835\udc1d\ud835\udc1e \ud835\udc25\ud835\udc1a \ud835\udc13\ud835\udc28\ud835\udc2b\ud835\udc2d\ud835\udc2e\ud835\udc2b\ud835\udc1e. - ongprevoyance","isPartOf":{"@id":"https:\/\/www.ong-prevoyance.net\/#website"},"primaryImageOfPage":{"@id":"https:\/\/www.ong-prevoyance.net\/index.php\/2024\/07\/04\/journee-internationale-pour-le-soutien-aux-victimes-de-la-torture\/#primaryimage"},"image":{"@id":"https:\/\/www.ong-prevoyance.net\/index.php\/2024\/07\/04\/journee-internationale-pour-le-soutien-aux-victimes-de-la-torture\/#primaryimage"},"thumbnailUrl":"https:\/\/www.ong-prevoyance.net\/wp-content\/uploads\/2024\/07\/WhatsApp-Image-2024-07-04-at-10.04.49.jpeg","datePublished":"2024-07-04T11:07:19+00:00","dateModified":"2024-07-04T11:07:20+00:00","description":"Participez \u00e0 la Journ\u00e9e Internationale pour le soutien aux victimes de la torture. Informez-vous sur les actions mondiales.","breadcrumb":{"@id":"https:\/\/www.ong-prevoyance.net\/index.php\/2024\/07\/04\/journee-internationale-pour-le-soutien-aux-victimes-de-la-torture\/#breadcrumb"},"inLanguage":"fr-FR","potentialAction":[{"@type":"ReadAction","target":["https:\/\/www.ong-prevoyance.net\/index.php\/2024\/07\/04\/journee-internationale-pour-le-soutien-aux-victimes-de-la-torture\/"]}]},{"@type":"ImageObject","inLanguage":"fr-FR","@id":"https:\/\/www.ong-prevoyance.net\/index.php\/2024\/07\/04\/journee-internationale-pour-le-soutien-aux-victimes-de-la-torture\/#primaryimage","url":"https:\/\/www.ong-prevoyance.net\/wp-content\/uploads\/2024\/07\/WhatsApp-Image-2024-07-04-at-10.04.49.jpeg","contentUrl":"https:\/\/www.ong-prevoyance.net\/wp-content\/uploads\/2024\/07\/WhatsApp-Image-2024-07-04-at-10.04.49.jpeg","width":1080,"height":1080},{"@type":"BreadcrumbList","@id":"https:\/\/www.ong-prevoyance.net\/index.php\/2024\/07\/04\/journee-internationale-pour-le-soutien-aux-victimes-de-la-torture\/#breadcrumb","itemListElement":[{"@type":"ListItem","position":1,"name":"Accueil","item":"https:\/\/www.ong-prevoyance.net\/"},{"@type":"ListItem","position":2,"name":"Non class\u00e9","item":"https:\/\/www.ong-prevoyance.net\/index.php\/non-classe-fr\/"},{"@type":"ListItem","position":3,"name":"\ud835\udc0b\ud835\udc1a \ud835\udc09\ud835\udc28\ud835\udc2e\ud835\udc2b\ud835\udc27\ud835\udc1e\u0301\ud835\udc1e \ud835\udc08\ud835\udc27\ud835\udc2d\ud835\udc1e\ud835\udc2b\ud835\udc27\ud835\udc1a\ud835\udc2d\ud835\udc22\ud835\udc28\ud835\udc27\ud835\udc1a\ud835\udc25\ud835\udc1e \ud835\udc29\ud835\udc28\ud835\udc2e\ud835\udc2b \ud835\udc25\ud835\udc1e \ud835\udc2c\ud835\udc28\ud835\udc2e\ud835\udc2d\ud835\udc22\ud835\udc1e\ud835\udc27 \ud835\udc1a\ud835\udc2e\ud835\udc31 \ud835\udc15\ud835\udc22\ud835\udc1c\ud835\udc2d\ud835\udc22\ud835\udc26\ud835\udc1e\ud835\udc2c \ud835\udc1d\ud835\udc1e \ud835\udc25\ud835\udc1a \ud835\udc13\ud835\udc28\ud835\udc2b\ud835\udc2d\ud835\udc2e\ud835\udc2b\ud835\udc1e."}]},{"@type":"WebSite","@id":"https:\/\/www.ong-prevoyance.net\/#website","url":"https:\/\/www.ong-prevoyance.net\/","name":"ong-prevoyance","description":"","publisher":{"@id":"https:\/\/www.ong-prevoyance.net\/#organization"},"potentialAction":[{"@type":"SearchAction","target":{"@type":"EntryPoint","urlTemplate":"https:\/\/www.ong-prevoyance.net\/?s={search_term_string}"},"query-input":"required name=search_term_string"}],"inLanguage":"fr-FR"},{"@type":"Organization","@id":"https:\/\/www.ong-prevoyance.net\/#organization","name":"ong-prevoyance","url":"https:\/\/www.ong-prevoyance.net\/","logo":{"@type":"ImageObject","inLanguage":"fr-FR","@id":"https:\/\/www.ong-prevoyance.net\/#\/schema\/logo\/image\/","url":"https:\/\/www.ong-prevoyance.net\/wp-content\/uploads\/2021\/08\/PHOTO-2023-06-26-12-32-13-removebg-preview-Copie.png","contentUrl":"https:\/\/www.ong-prevoyance.net\/wp-content\/uploads\/2021\/08\/PHOTO-2023-06-26-12-32-13-removebg-preview-Copie.png","width":500,"height":500,"caption":"ong-prevoyance"},"image":{"@id":"https:\/\/www.ong-prevoyance.net\/#\/schema\/logo\/image\/"},"sameAs":["https:\/\/www.facebook.com\/ongprevoyance\/","https:\/\/www.linkedin.com\/company\/ong-prevoyance\/"]},{"@type":"Person","@id":"https:\/\/www.ong-prevoyance.net\/#\/schema\/person\/5d8af13cb7b53e82f57f6176bac5b485","name":"admin1","image":{"@type":"ImageObject","inLanguage":"fr-FR","@id":"https:\/\/www.ong-prevoyance.net\/#\/schema\/person\/image\/","url":"https:\/\/secure.gravatar.com\/avatar\/e87dc736d8d59f5fbc12e1e2e64afba28980e9f2860fcb8db45bcabbc65f400e?s=96&d=mm&r=g","contentUrl":"https:\/\/secure.gravatar.com\/avatar\/e87dc736d8d59f5fbc12e1e2e64afba28980e9f2860fcb8db45bcabbc65f400e?s=96&d=mm&r=g","caption":"admin1"},"sameAs":["https:\/\/www.ong-prevoyance.net\/"],"url":"https:\/\/www.ong-prevoyance.net\/index.php\/author\/admin1\/"}]}},"_links":{"self":[{"href":"https:\/\/www.ong-prevoyance.net\/index.php\/wp-json\/wp\/v2\/posts\/2545","targetHints":{"allow":["GET"]}}],"collection":[{"href":"https:\/\/www.ong-prevoyance.net\/index.php\/wp-json\/wp\/v2\/posts"}],"about":[{"href":"https:\/\/www.ong-prevoyance.net\/index.php\/wp-json\/wp\/v2\/types\/post"}],"author":[{"embeddable":true,"href":"https:\/\/www.ong-prevoyance.net\/index.php\/wp-json\/wp\/v2\/users\/1"}],"replies":[{"embeddable":true,"href":"https:\/\/www.ong-prevoyance.net\/index.php\/wp-json\/wp\/v2\/comments?post=2545"}],"version-history":[{"count":1,"href":"https:\/\/www.ong-prevoyance.net\/index.php\/wp-json\/wp\/v2\/posts\/2545\/revisions"}],"predecessor-version":[{"id":2547,"href":"https:\/\/www.ong-prevoyance.net\/index.php\/wp-json\/wp\/v2\/posts\/2545\/revisions\/2547"}],"wp:featuredmedia":[{"embeddable":true,"href":"https:\/\/www.ong-prevoyance.net\/index.php\/wp-json\/wp\/v2\/media\/2546"}],"wp:attachment":[{"href":"https:\/\/www.ong-prevoyance.net\/index.php\/wp-json\/wp\/v2\/media?parent=2545"}],"wp:term":[{"taxonomy":"category","embeddable":true,"href":"https:\/\/www.ong-prevoyance.net\/index.php\/wp-json\/wp\/v2\/categories?post=2545"},{"taxonomy":"post_tag","embeddable":true,"href":"https:\/\/www.ong-prevoyance.net\/index.php\/wp-json\/wp\/v2\/tags?post=2545"}],"curies":[{"name":"wp","href":"https:\/\/api.w.org\/{rel}","templated":true}]}}