{"id":2561,"date":"2024-09-05T13:23:26","date_gmt":"2024-09-05T11:23:26","guid":{"rendered":"https:\/\/www.ong-prevoyance.net\/?p=2561"},"modified":"2024-09-05T13:23:28","modified_gmt":"2024-09-05T11:23:28","slug":"la-journee-internationale-de-la-charite","status":"publish","type":"post","link":"https:\/\/www.ong-prevoyance.net\/index.php\/2024\/09\/05\/la-journee-internationale-de-la-charite\/","title":{"rendered":"LE 5 SEPTEMBRE, LA JOURNEE INTERNATIONALE DE LA CHARITE."},"content":{"rendered":"\n<p>Cette journ\u00e9e, institu\u00e9e le 5 septembre 2012 par l\u2019Assembl\u00e9e g\u00e9n\u00e9rale de l\u2019ONU, rappelle la date de l\u2019anniversaire du d\u00e9c\u00e8s de M\u00e8re Teresa en 1997. Fondatrice de la congr\u00e9gation des missionnaires de la charit\u00e9 \u00e0 Calcutta, M\u00e8re Teresa a consacr\u00e9 toute sa vie \u00e0 la pratique de la charit\u00e9. Elle a \u00e9t\u00e9 ainsi proclam\u00e9e sainte le 4 2016 par le Pape Fran\u00e7ois et c\u00e9l\u00e9br\u00e9e chaque 5 septembre.<\/p>\n\n\n\n<p>La journ\u00e9e de charit\u00e9 est une occasion pour l\u2019ONU d\u2019inviter tous ses \u00c9tats membres, les autres organisations r\u00e9gionales et internationales, les individus, les ONG et l\u2019ensemble des acteurs impliqu\u00e9s dans le monde \u00e0 encourager la charit\u00e9 \u00e0 l\u2019aide des activit\u00e9s p\u00e9dagogiques, b\u00e9n\u00e9voles et philanthropiques et de sensibilisation. Elle permet un lien social r\u00e9el et contribue aussi \u00e0 la cr\u00e9ation de soci\u00e9t\u00e9s plus inclusives.<\/p>\n\n\n\n<p>&nbsp;La charit\u00e9 peut att\u00e9nuer les pires effets des crises humanitaires, compl\u00e9ter les services publics dans les soins de sant\u00e9, l&#8217;\u00e9ducation, le logement et la protection des enfants. Elle aide \u00e0 la promotion de la culture, de la science, des sports et la protection du patrimoine culturel et naturel. Elle favorise \u00e9galement les droits des personnes marginalis\u00e9es et d\u00e9favoris\u00e9es et propage le message d&#8217;humanit\u00e9 dans les situations de conflit.<\/p>\n\n\n\n<p>Il faut faire attention \u00e0 ne pas confondre&nbsp;<strong>association caritative<\/strong>&nbsp;et&nbsp;<strong>association humanitaire<\/strong>. En effet, l\u2019association humanitaire a pour objectif&nbsp;<strong>de pr\u00e9venir ou d\u2019all\u00e9ger les souffrances humaines dans les conflits, les situations de crise, d\u2019urgence de guerre. Tandis que les associations caritatives agissent pour l\u2019avancement de la religion, l\u2019am\u00e9lioration des conditions des personnes marginalis\u00e9es, la lutte contre la pauvret\u00e9, le progr\u00e8s de l\u2019\u00e9ducation et des actions b\u00e9n\u00e9fiques pour la communaut\u00e9.<\/strong> Le mot \u00ab&nbsp;<strong>caritatif<\/strong>&nbsp;\u00bb vient du mot caritas en latin classique, qui veut dire charit\u00e9. La charit\u00e9 est&nbsp;une vertu reconnue et encourag\u00e9e&nbsp;tout au long de l\u2019histoire de l\u2019humanit\u00e9, notamment par la religion. Ainsi, la M\u00e8re Teresa a affirm\u00e9 ceci&nbsp;: \u00ab&nbsp;C&#8217;est en rev\u00eatant le Christ que l&#8217;on peut le plus apporter de charit\u00e9 aux autres&nbsp;\u00bb.<\/p>\n\n\n\n<ul class=\"wp-block-list\">\n<li><a href=\"https:\/\/www.journee-mondiale.com\/351\/journee-internationale-de-la-charite.htm\">https:\/\/www.journee-mondiale.com\/351\/journee-internationale-de-la-charite.htm<\/a><\/li>\n\n\n\n<li><a href=\"https:\/\/www.un.org\/fr\/observances\/charity-day#:~:text=La%20date%20du%205%20septembre,une%20menace%20pour%20la%20paix.%20%C2%BB\">https:\/\/www.un.org\/fr\/observances\/charity-day#:~:text=La%20date%20du%205%20septembre,une%20menace%20pour%20la%20paix.%20%C2%BB<\/a><\/li>\n\n\n\n<li><a href=\"https:\/\/infodon.fr\/association-caritative-definition-et-impacts\/\">https:\/\/infodon.fr\/association-caritative-definition-et-impacts\/<\/a><\/li>\n\n\n\n<li> <a href=\"https:\/\/www.ong-prevoyance.net\/index.php\/news\/\">https:\/\/www.ong-prevoyance.net\/index.php\/news\/<\/a><\/li>\n<\/ul>\n","protected":false},"excerpt":{"rendered":"<p>Cette journ\u00e9e, institu\u00e9e le 5 septembre 2012 par l\u2019Assembl\u00e9e g\u00e9n\u00e9rale de l\u2019ONU, rappelle la date de l\u2019anniversaire du d\u00e9c\u00e8s de M\u00e8re Teresa en 1997. Fondatrice de la congr\u00e9gation des missionnaires [&hellip;]<\/p>\n","protected":false},"author":1,"featured_media":2562,"comment_status":"open","ping_status":"open","sticky":false,"template":"","format":"standard","meta":{"footnotes":""},"categories":[60],"tags":[],"class_list":["post-2561","post","type-post","status-publish","format-standard","has-post-thumbnail","hentry","category-non-classe-fr"],"yoast_head":"<!-- This site is optimized with the Yoast SEO plugin v23.0 - https:\/\/yoast.com\/wordpress\/plugins\/seo\/ -->\n<title>LE 5 SEPTEMBRE, LA JOURNEE INTERNATIONALE DE LA CHARITE. - ongprevoyance<\/title>\n<meta name=\"description\" content=\"D\u00e9couvrez l&#039;importance de la Journ\u00e9e Internationale de la Charit\u00e9, c\u00e9l\u00e9br\u00e9e le 5 septembre , et comment vous pouvez participer \u00e0 des actions solidaires pour soutenir les plus d\u00e9munis \u00e0 travers le monde.\" \/>\n<meta name=\"robots\" content=\"index, follow, max-snippet:-1, max-image-preview:large, max-video-preview:-1\" \/>\n<link rel=\"canonical\" href=\"https:\/\/www.ong-prevoyance.net\/index.php\/2024\/09\/05\/la-journee-internationale-de-la-charite\/\" \/>\n<meta property=\"og:locale\" content=\"fr_FR\" \/>\n<meta property=\"og:type\" content=\"article\" \/>\n<meta property=\"og:title\" content=\"LE 5 SEPTEMBRE, LA JOURNEE INTERNATIONALE DE LA CHARITE. - ongprevoyance\" \/>\n<meta property=\"og:description\" content=\"D\u00e9couvrez l&#039;importance de la Journ\u00e9e Internationale de la Charit\u00e9, c\u00e9l\u00e9br\u00e9e le 5 septembre , et comment vous pouvez participer \u00e0 des actions solidaires pour soutenir les plus d\u00e9munis \u00e0 travers le monde.\" \/>\n<meta property=\"og:url\" content=\"https:\/\/www.ong-prevoyance.net\/index.php\/2024\/09\/05\/la-journee-internationale-de-la-charite\/\" \/>\n<meta property=\"og:site_name\" content=\"ongprevoyance\" \/>\n<meta property=\"article:publisher\" content=\"https:\/\/www.facebook.com\/ongprevoyance\/\" \/>\n<meta property=\"article:published_time\" content=\"2024-09-05T11:23:26+00:00\" \/>\n<meta property=\"article:modified_time\" content=\"2024-09-05T11:23:28+00:00\" \/>\n<meta property=\"og:image\" content=\"https:\/\/www.ong-prevoyance.net\/wp-content\/uploads\/2024\/09\/Visuel-05-SEPTEMBRE-1024x1024.png\" \/>\n\t<meta property=\"og:image:width\" content=\"1024\" \/>\n\t<meta property=\"og:image:height\" content=\"1024\" \/>\n\t<meta property=\"og:image:type\" content=\"image\/png\" \/>\n<meta name=\"author\" content=\"admin1\" \/>\n<meta name=\"twitter:card\" content=\"summary_large_image\" \/>\n<meta name=\"twitter:label1\" content=\"\u00c9crit par\" \/>\n\t<meta name=\"twitter:data1\" content=\"admin1\" \/>\n\t<meta name=\"twitter:label2\" content=\"Dur\u00e9e de lecture estim\u00e9e\" \/>\n\t<meta name=\"twitter:data2\" content=\"2 minutes\" \/>\n<script type=\"application\/ld+json\" class=\"yoast-schema-graph\">{\"@context\":\"https:\/\/schema.org\",\"@graph\":[{\"@type\":\"Article\",\"@id\":\"https:\/\/www.ong-prevoyance.net\/index.php\/2024\/09\/05\/la-journee-internationale-de-la-charite\/#article\",\"isPartOf\":{\"@id\":\"https:\/\/www.ong-prevoyance.net\/index.php\/2024\/09\/05\/la-journee-internationale-de-la-charite\/\"},\"author\":{\"name\":\"admin1\",\"@id\":\"https:\/\/www.ong-prevoyance.net\/#\/schema\/person\/5d8af13cb7b53e82f57f6176bac5b485\"},\"headline\":\"LE 5 SEPTEMBRE, LA JOURNEE INTERNATIONALE DE LA CHARITE.\",\"datePublished\":\"2024-09-05T11:23:26+00:00\",\"dateModified\":\"2024-09-05T11:23:28+00:00\",\"mainEntityOfPage\":{\"@id\":\"https:\/\/www.ong-prevoyance.net\/index.php\/2024\/09\/05\/la-journee-internationale-de-la-charite\/\"},\"wordCount\":425,\"commentCount\":0,\"publisher\":{\"@id\":\"https:\/\/www.ong-prevoyance.net\/#organization\"},\"image\":{\"@id\":\"https:\/\/www.ong-prevoyance.net\/index.php\/2024\/09\/05\/la-journee-internationale-de-la-charite\/#primaryimage\"},\"thumbnailUrl\":\"https:\/\/www.ong-prevoyance.net\/wp-content\/uploads\/2024\/09\/Visuel-05-SEPTEMBRE.png\",\"inLanguage\":\"fr-FR\",\"potentialAction\":[{\"@type\":\"CommentAction\",\"name\":\"Comment\",\"target\":[\"https:\/\/www.ong-prevoyance.net\/index.php\/2024\/09\/05\/la-journee-internationale-de-la-charite\/#respond\"]}]},{\"@type\":\"WebPage\",\"@id\":\"https:\/\/www.ong-prevoyance.net\/index.php\/2024\/09\/05\/la-journee-internationale-de-la-charite\/\",\"url\":\"https:\/\/www.ong-prevoyance.net\/index.php\/2024\/09\/05\/la-journee-internationale-de-la-charite\/\",\"name\":\"LE 5 SEPTEMBRE, LA JOURNEE INTERNATIONALE DE LA CHARITE. - ongprevoyance\",\"isPartOf\":{\"@id\":\"https:\/\/www.ong-prevoyance.net\/#website\"},\"primaryImageOfPage\":{\"@id\":\"https:\/\/www.ong-prevoyance.net\/index.php\/2024\/09\/05\/la-journee-internationale-de-la-charite\/#primaryimage\"},\"image\":{\"@id\":\"https:\/\/www.ong-prevoyance.net\/index.php\/2024\/09\/05\/la-journee-internationale-de-la-charite\/#primaryimage\"},\"thumbnailUrl\":\"https:\/\/www.ong-prevoyance.net\/wp-content\/uploads\/2024\/09\/Visuel-05-SEPTEMBRE.png\",\"datePublished\":\"2024-09-05T11:23:26+00:00\",\"dateModified\":\"2024-09-05T11:23:28+00:00\",\"description\":\"D\u00e9couvrez l'importance de la Journ\u00e9e Internationale de la Charit\u00e9, c\u00e9l\u00e9br\u00e9e le 5 septembre , et comment vous pouvez participer \u00e0 des actions solidaires pour soutenir les plus d\u00e9munis \u00e0 travers le monde.\",\"breadcrumb\":{\"@id\":\"https:\/\/www.ong-prevoyance.net\/index.php\/2024\/09\/05\/la-journee-internationale-de-la-charite\/#breadcrumb\"},\"inLanguage\":\"fr-FR\",\"potentialAction\":[{\"@type\":\"ReadAction\",\"target\":[\"https:\/\/www.ong-prevoyance.net\/index.php\/2024\/09\/05\/la-journee-internationale-de-la-charite\/\"]}]},{\"@type\":\"ImageObject\",\"inLanguage\":\"fr-FR\",\"@id\":\"https:\/\/www.ong-prevoyance.net\/index.php\/2024\/09\/05\/la-journee-internationale-de-la-charite\/#primaryimage\",\"url\":\"https:\/\/www.ong-prevoyance.net\/wp-content\/uploads\/2024\/09\/Visuel-05-SEPTEMBRE.png\",\"contentUrl\":\"https:\/\/www.ong-prevoyance.net\/wp-content\/uploads\/2024\/09\/Visuel-05-SEPTEMBRE.png\",\"width\":3000,\"height\":3000},{\"@type\":\"BreadcrumbList\",\"@id\":\"https:\/\/www.ong-prevoyance.net\/index.php\/2024\/09\/05\/la-journee-internationale-de-la-charite\/#breadcrumb\",\"itemListElement\":[{\"@type\":\"ListItem\",\"position\":1,\"name\":\"Accueil\",\"item\":\"https:\/\/www.ong-prevoyance.net\/\"},{\"@type\":\"ListItem\",\"position\":2,\"name\":\"Non class\u00e9\",\"item\":\"https:\/\/www.ong-prevoyance.net\/index.php\/non-classe-fr\/\"},{\"@type\":\"ListItem\",\"position\":3,\"name\":\"LE 5 SEPTEMBRE, LA JOURNEE INTERNATIONALE DE LA CHARITE.\"}]},{\"@type\":\"WebSite\",\"@id\":\"https:\/\/www.ong-prevoyance.net\/#website\",\"url\":\"https:\/\/www.ong-prevoyance.net\/\",\"name\":\"ong-prevoyance\",\"description\":\"\",\"publisher\":{\"@id\":\"https:\/\/www.ong-prevoyance.net\/#organization\"},\"potentialAction\":[{\"@type\":\"SearchAction\",\"target\":{\"@type\":\"EntryPoint\",\"urlTemplate\":\"https:\/\/www.ong-prevoyance.net\/?s={search_term_string}\"},\"query-input\":\"required name=search_term_string\"}],\"inLanguage\":\"fr-FR\"},{\"@type\":\"Organization\",\"@id\":\"https:\/\/www.ong-prevoyance.net\/#organization\",\"name\":\"ong-prevoyance\",\"url\":\"https:\/\/www.ong-prevoyance.net\/\",\"logo\":{\"@type\":\"ImageObject\",\"inLanguage\":\"fr-FR\",\"@id\":\"https:\/\/www.ong-prevoyance.net\/#\/schema\/logo\/image\/\",\"url\":\"https:\/\/www.ong-prevoyance.net\/wp-content\/uploads\/2021\/08\/PHOTO-2023-06-26-12-32-13-removebg-preview-Copie.png\",\"contentUrl\":\"https:\/\/www.ong-prevoyance.net\/wp-content\/uploads\/2021\/08\/PHOTO-2023-06-26-12-32-13-removebg-preview-Copie.png\",\"width\":500,\"height\":500,\"caption\":\"ong-prevoyance\"},\"image\":{\"@id\":\"https:\/\/www.ong-prevoyance.net\/#\/schema\/logo\/image\/\"},\"sameAs\":[\"https:\/\/www.facebook.com\/ongprevoyance\/\",\"https:\/\/www.linkedin.com\/company\/ong-prevoyance\/\"]},{\"@type\":\"Person\",\"@id\":\"https:\/\/www.ong-prevoyance.net\/#\/schema\/person\/5d8af13cb7b53e82f57f6176bac5b485\",\"name\":\"admin1\",\"image\":{\"@type\":\"ImageObject\",\"inLanguage\":\"fr-FR\",\"@id\":\"https:\/\/www.ong-prevoyance.net\/#\/schema\/person\/image\/\",\"url\":\"https:\/\/secure.gravatar.com\/avatar\/e87dc736d8d59f5fbc12e1e2e64afba28980e9f2860fcb8db45bcabbc65f400e?s=96&d=mm&r=g\",\"contentUrl\":\"https:\/\/secure.gravatar.com\/avatar\/e87dc736d8d59f5fbc12e1e2e64afba28980e9f2860fcb8db45bcabbc65f400e?s=96&d=mm&r=g\",\"caption\":\"admin1\"},\"sameAs\":[\"https:\/\/www.ong-prevoyance.net\/\"],\"url\":\"https:\/\/www.ong-prevoyance.net\/index.php\/author\/admin1\/\"}]}<\/script>\n<!-- \/ Yoast SEO plugin. -->","yoast_head_json":{"title":"LE 5 SEPTEMBRE, LA JOURNEE INTERNATIONALE DE LA CHARITE. - ongprevoyance","description":"D\u00e9couvrez l'importance de la Journ\u00e9e Internationale de la Charit\u00e9, c\u00e9l\u00e9br\u00e9e le 5 septembre , et comment vous pouvez participer \u00e0 des actions solidaires pour soutenir les plus d\u00e9munis \u00e0 travers le monde.","robots":{"index":"index","follow":"follow","max-snippet":"max-snippet:-1","max-image-preview":"max-image-preview:large","max-video-preview":"max-video-preview:-1"},"canonical":"https:\/\/www.ong-prevoyance.net\/index.php\/2024\/09\/05\/la-journee-internationale-de-la-charite\/","og_locale":"fr_FR","og_type":"article","og_title":"LE 5 SEPTEMBRE, LA JOURNEE INTERNATIONALE DE LA CHARITE. - ongprevoyance","og_description":"D\u00e9couvrez l'importance de la Journ\u00e9e Internationale de la Charit\u00e9, c\u00e9l\u00e9br\u00e9e le 5 septembre , et comment vous pouvez participer \u00e0 des actions solidaires pour soutenir les plus d\u00e9munis \u00e0 travers le monde.","og_url":"https:\/\/www.ong-prevoyance.net\/index.php\/2024\/09\/05\/la-journee-internationale-de-la-charite\/","og_site_name":"ongprevoyance","article_publisher":"https:\/\/www.facebook.com\/ongprevoyance\/","article_published_time":"2024-09-05T11:23:26+00:00","article_modified_time":"2024-09-05T11:23:28+00:00","og_image":[{"width":1024,"height":1024,"url":"https:\/\/www.ong-prevoyance.net\/wp-content\/uploads\/2024\/09\/Visuel-05-SEPTEMBRE-1024x1024.png","type":"image\/png"}],"author":"admin1","twitter_card":"summary_large_image","twitter_misc":{"\u00c9crit par":"admin1","Dur\u00e9e de lecture estim\u00e9e":"2 minutes"},"schema":{"@context":"https:\/\/schema.org","@graph":[{"@type":"Article","@id":"https:\/\/www.ong-prevoyance.net\/index.php\/2024\/09\/05\/la-journee-internationale-de-la-charite\/#article","isPartOf":{"@id":"https:\/\/www.ong-prevoyance.net\/index.php\/2024\/09\/05\/la-journee-internationale-de-la-charite\/"},"author":{"name":"admin1","@id":"https:\/\/www.ong-prevoyance.net\/#\/schema\/person\/5d8af13cb7b53e82f57f6176bac5b485"},"headline":"LE 5 SEPTEMBRE, LA JOURNEE INTERNATIONALE DE LA CHARITE.","datePublished":"2024-09-05T11:23:26+00:00","dateModified":"2024-09-05T11:23:28+00:00","mainEntityOfPage":{"@id":"https:\/\/www.ong-prevoyance.net\/index.php\/2024\/09\/05\/la-journee-internationale-de-la-charite\/"},"wordCount":425,"commentCount":0,"publisher":{"@id":"https:\/\/www.ong-prevoyance.net\/#organization"},"image":{"@id":"https:\/\/www.ong-prevoyance.net\/index.php\/2024\/09\/05\/la-journee-internationale-de-la-charite\/#primaryimage"},"thumbnailUrl":"https:\/\/www.ong-prevoyance.net\/wp-content\/uploads\/2024\/09\/Visuel-05-SEPTEMBRE.png","inLanguage":"fr-FR","potentialAction":[{"@type":"CommentAction","name":"Comment","target":["https:\/\/www.ong-prevoyance.net\/index.php\/2024\/09\/05\/la-journee-internationale-de-la-charite\/#respond"]}]},{"@type":"WebPage","@id":"https:\/\/www.ong-prevoyance.net\/index.php\/2024\/09\/05\/la-journee-internationale-de-la-charite\/","url":"https:\/\/www.ong-prevoyance.net\/index.php\/2024\/09\/05\/la-journee-internationale-de-la-charite\/","name":"LE 5 SEPTEMBRE, LA JOURNEE INTERNATIONALE DE LA CHARITE. - ongprevoyance","isPartOf":{"@id":"https:\/\/www.ong-prevoyance.net\/#website"},"primaryImageOfPage":{"@id":"https:\/\/www.ong-prevoyance.net\/index.php\/2024\/09\/05\/la-journee-internationale-de-la-charite\/#primaryimage"},"image":{"@id":"https:\/\/www.ong-prevoyance.net\/index.php\/2024\/09\/05\/la-journee-internationale-de-la-charite\/#primaryimage"},"thumbnailUrl":"https:\/\/www.ong-prevoyance.net\/wp-content\/uploads\/2024\/09\/Visuel-05-SEPTEMBRE.png","datePublished":"2024-09-05T11:23:26+00:00","dateModified":"2024-09-05T11:23:28+00:00","description":"D\u00e9couvrez l'importance de la Journ\u00e9e Internationale de la Charit\u00e9, c\u00e9l\u00e9br\u00e9e le 5 septembre , et comment vous pouvez participer \u00e0 des actions solidaires pour soutenir les plus d\u00e9munis \u00e0 travers le monde.","breadcrumb":{"@id":"https:\/\/www.ong-prevoyance.net\/index.php\/2024\/09\/05\/la-journee-internationale-de-la-charite\/#breadcrumb"},"inLanguage":"fr-FR","potentialAction":[{"@type":"ReadAction","target":["https:\/\/www.ong-prevoyance.net\/index.php\/2024\/09\/05\/la-journee-internationale-de-la-charite\/"]}]},{"@type":"ImageObject","inLanguage":"fr-FR","@id":"https:\/\/www.ong-prevoyance.net\/index.php\/2024\/09\/05\/la-journee-internationale-de-la-charite\/#primaryimage","url":"https:\/\/www.ong-prevoyance.net\/wp-content\/uploads\/2024\/09\/Visuel-05-SEPTEMBRE.png","contentUrl":"https:\/\/www.ong-prevoyance.net\/wp-content\/uploads\/2024\/09\/Visuel-05-SEPTEMBRE.png","width":3000,"height":3000},{"@type":"BreadcrumbList","@id":"https:\/\/www.ong-prevoyance.net\/index.php\/2024\/09\/05\/la-journee-internationale-de-la-charite\/#breadcrumb","itemListElement":[{"@type":"ListItem","position":1,"name":"Accueil","item":"https:\/\/www.ong-prevoyance.net\/"},{"@type":"ListItem","position":2,"name":"Non class\u00e9","item":"https:\/\/www.ong-prevoyance.net\/index.php\/non-classe-fr\/"},{"@type":"ListItem","position":3,"name":"LE 5 SEPTEMBRE, LA JOURNEE INTERNATIONALE DE LA CHARITE."}]},{"@type":"WebSite","@id":"https:\/\/www.ong-prevoyance.net\/#website","url":"https:\/\/www.ong-prevoyance.net\/","name":"ong-prevoyance","description":"","publisher":{"@id":"https:\/\/www.ong-prevoyance.net\/#organization"},"potentialAction":[{"@type":"SearchAction","target":{"@type":"EntryPoint","urlTemplate":"https:\/\/www.ong-prevoyance.net\/?s={search_term_string}"},"query-input":"required name=search_term_string"}],"inLanguage":"fr-FR"},{"@type":"Organization","@id":"https:\/\/www.ong-prevoyance.net\/#organization","name":"ong-prevoyance","url":"https:\/\/www.ong-prevoyance.net\/","logo":{"@type":"ImageObject","inLanguage":"fr-FR","@id":"https:\/\/www.ong-prevoyance.net\/#\/schema\/logo\/image\/","url":"https:\/\/www.ong-prevoyance.net\/wp-content\/uploads\/2021\/08\/PHOTO-2023-06-26-12-32-13-removebg-preview-Copie.png","contentUrl":"https:\/\/www.ong-prevoyance.net\/wp-content\/uploads\/2021\/08\/PHOTO-2023-06-26-12-32-13-removebg-preview-Copie.png","width":500,"height":500,"caption":"ong-prevoyance"},"image":{"@id":"https:\/\/www.ong-prevoyance.net\/#\/schema\/logo\/image\/"},"sameAs":["https:\/\/www.facebook.com\/ongprevoyance\/","https:\/\/www.linkedin.com\/company\/ong-prevoyance\/"]},{"@type":"Person","@id":"https:\/\/www.ong-prevoyance.net\/#\/schema\/person\/5d8af13cb7b53e82f57f6176bac5b485","name":"admin1","image":{"@type":"ImageObject","inLanguage":"fr-FR","@id":"https:\/\/www.ong-prevoyance.net\/#\/schema\/person\/image\/","url":"https:\/\/secure.gravatar.com\/avatar\/e87dc736d8d59f5fbc12e1e2e64afba28980e9f2860fcb8db45bcabbc65f400e?s=96&d=mm&r=g","contentUrl":"https:\/\/secure.gravatar.com\/avatar\/e87dc736d8d59f5fbc12e1e2e64afba28980e9f2860fcb8db45bcabbc65f400e?s=96&d=mm&r=g","caption":"admin1"},"sameAs":["https:\/\/www.ong-prevoyance.net\/"],"url":"https:\/\/www.ong-prevoyance.net\/index.php\/author\/admin1\/"}]}},"_links":{"self":[{"href":"https:\/\/www.ong-prevoyance.net\/index.php\/wp-json\/wp\/v2\/posts\/2561","targetHints":{"allow":["GET"]}}],"collection":[{"href":"https:\/\/www.ong-prevoyance.net\/index.php\/wp-json\/wp\/v2\/posts"}],"about":[{"href":"https:\/\/www.ong-prevoyance.net\/index.php\/wp-json\/wp\/v2\/types\/post"}],"author":[{"embeddable":true,"href":"https:\/\/www.ong-prevoyance.net\/index.php\/wp-json\/wp\/v2\/users\/1"}],"replies":[{"embeddable":true,"href":"https:\/\/www.ong-prevoyance.net\/index.php\/wp-json\/wp\/v2\/comments?post=2561"}],"version-history":[{"count":1,"href":"https:\/\/www.ong-prevoyance.net\/index.php\/wp-json\/wp\/v2\/posts\/2561\/revisions"}],"predecessor-version":[{"id":2563,"href":"https:\/\/www.ong-prevoyance.net\/index.php\/wp-json\/wp\/v2\/posts\/2561\/revisions\/2563"}],"wp:featuredmedia":[{"embeddable":true,"href":"https:\/\/www.ong-prevoyance.net\/index.php\/wp-json\/wp\/v2\/media\/2562"}],"wp:attachment":[{"href":"https:\/\/www.ong-prevoyance.net\/index.php\/wp-json\/wp\/v2\/media?parent=2561"}],"wp:term":[{"taxonomy":"category","embeddable":true,"href":"https:\/\/www.ong-prevoyance.net\/index.php\/wp-json\/wp\/v2\/categories?post=2561"},{"taxonomy":"post_tag","embeddable":true,"href":"https:\/\/www.ong-prevoyance.net\/index.php\/wp-json\/wp\/v2\/tags?post=2561"}],"curies":[{"name":"wp","href":"https:\/\/api.w.org\/{rel}","templated":true}]}}