{"id":2568,"date":"2024-10-01T11:13:47","date_gmt":"2024-10-01T09:13:47","guid":{"rendered":"https:\/\/www.ong-prevoyance.net\/?p=2568"},"modified":"2024-10-01T11:13:48","modified_gmt":"2024-10-01T09:13:48","slug":"journee-internationale-des-personnes-agees","status":"publish","type":"post","link":"https:\/\/www.ong-prevoyance.net\/index.php\/2024\/10\/01\/journee-internationale-des-personnes-agees\/","title":{"rendered":"Le 1er octobre, journ\u00e9e internationale des personnes \u00e2g\u00e9es."},"content":{"rendered":"\n<p>Le vieillissement de la population est une tendance mondiale majeure qui remod\u00e8le les soci\u00e9t\u00e9s du monde entier.&nbsp;En effet, avec le vieillissement des populations, les d\u00e9fis de soins de sant\u00e9 et d&#8217;aide sociale ont consid\u00e9rablement augment\u00e9, en particulier pour les personnes \u00e2g\u00e9es souffrant de diff\u00e9rentes maladies. Pour sensibiliser le monde entier sur ce fait irr\u00e9versible et naturel l\u2019Assembl\u00e9e g\u00e9n\u00e9rale des Nations unies a proclam\u00e9 depuis le 14 d\u00e9cembre 1990,&nbsp;le 1er&nbsp;octobre Journ\u00e9e internationale des personnes \u00e2g\u00e9es.<\/p>\n\n\n\n<p>Le nombre de personnes \u00e2g\u00e9es de 65&nbsp;ans ou plus dans le monde devrait plus que doubler, passant de 761&nbsp;millions en 2021 \u00e0 1,6&nbsp;milliard en 2050.&nbsp;En C\u00f4te d\u2019Ivoire, ce nombre est pass\u00e9 de 660&nbsp;326 en 2021 \u00e0 674&nbsp;709 en 2022, selon les donn\u00e9es de la Banque mondiale.<\/p>\n\n\n\n<p>Soucieuse de la prise en charge des personnes \u00e2g\u00e9es afin de l\u2019am\u00e9lioration de leurs conditions de vie en g\u00e9n\u00e9ral, l\u2019Etat ivoirien a adopt\u00e9 plusieurs mesures favorables. C\u2019est dans ce cadre qu\u2019intervient l\u2019ONG Pr\u00e9voyance. En choisissant le th\u00e8me &lt;&lt;<strong><em> RETRAITE ET SOCI\u00c9T\u00c9<\/em><\/strong>>> pour ses activit\u00e9s annuelles intitul\u00e9es Les Journ\u00e9es de Pr\u00e9voyance et des Actions sociales (JPAS) l\u2019ONG Pr\u00e9voyance cr\u00e9e un cadre d\u2019\u00e9changes entre les acteurs de la protection sociale et les populations afin de promouvoir les bonnes pratiques visant la prise en charge globale des personnes vuln\u00e9rables, en l\u2019occurrence les personnes \u00e2g\u00e9es.<\/p>\n\n\n\n<p><a href=\"https:\/\/www.unfpa.org\/fr\/events\/journee-internationale-des-personnes-agees\">https:\/\/www.unfpa.org\/fr\/events\/journee-internationale-des-personnes-agees<\/a> <\/p>\n\n\n\n<p><a href=\"https:\/\/www.ong-prevoyance.net\/index.php\/news\/\">Actualit\u00e9 &#8211; ongprevoyance (ong-prevoyance.net)<\/a><\/p>\n\n\n\n<p><\/p>\n\n\n\n<p><\/p>\n","protected":false},"excerpt":{"rendered":"<p>Le vieillissement de la population est une tendance mondiale majeure qui remod\u00e8le les soci\u00e9t\u00e9s du monde entier.&nbsp;En effet, avec le vieillissement des populations, les d\u00e9fis de soins de sant\u00e9 et [&hellip;]<\/p>\n","protected":false},"author":1,"featured_media":2569,"comment_status":"open","ping_status":"open","sticky":false,"template":"","format":"standard","meta":{"footnotes":""},"categories":[60],"tags":[],"class_list":["post-2568","post","type-post","status-publish","format-standard","has-post-thumbnail","hentry","category-non-classe-fr"],"yoast_head":"<!-- This site is optimized with the Yoast SEO plugin v23.0 - https:\/\/yoast.com\/wordpress\/plugins\/seo\/ -->\n<title>Le 1er octobre, journ\u00e9e internationale des personnes \u00e2g\u00e9es. - ongprevoyance<\/title>\n<meta name=\"description\" content=\"D\u00e9couvrez l&#039;importance de la Journ\u00e9e internationale des personnes \u00e2g\u00e9es, c\u00e9l\u00e9br\u00e9e chaque ann\u00e9e le 1er octobre. Apprenez comment cette journ\u00e9e met en lumi\u00e8re les droits et le bien-\u00eatre des a\u00een\u00e9s dans le monde.\" \/>\n<meta name=\"robots\" content=\"index, follow, max-snippet:-1, max-image-preview:large, max-video-preview:-1\" \/>\n<link rel=\"canonical\" href=\"https:\/\/www.ong-prevoyance.net\/index.php\/2024\/10\/01\/journee-internationale-des-personnes-agees\/\" \/>\n<meta property=\"og:locale\" content=\"fr_FR\" \/>\n<meta property=\"og:type\" content=\"article\" \/>\n<meta property=\"og:title\" content=\"Le 1er octobre, journ\u00e9e internationale des personnes \u00e2g\u00e9es. - ongprevoyance\" \/>\n<meta property=\"og:description\" content=\"D\u00e9couvrez l&#039;importance de la Journ\u00e9e internationale des personnes \u00e2g\u00e9es, c\u00e9l\u00e9br\u00e9e chaque ann\u00e9e le 1er octobre. Apprenez comment cette journ\u00e9e met en lumi\u00e8re les droits et le bien-\u00eatre des a\u00een\u00e9s dans le monde.\" \/>\n<meta property=\"og:url\" content=\"https:\/\/www.ong-prevoyance.net\/index.php\/2024\/10\/01\/journee-internationale-des-personnes-agees\/\" \/>\n<meta property=\"og:site_name\" content=\"ongprevoyance\" \/>\n<meta property=\"article:publisher\" content=\"https:\/\/www.facebook.com\/ongprevoyance\/\" \/>\n<meta property=\"article:published_time\" content=\"2024-10-01T09:13:47+00:00\" \/>\n<meta property=\"article:modified_time\" content=\"2024-10-01T09:13:48+00:00\" \/>\n<meta property=\"og:image\" content=\"https:\/\/www.ong-prevoyance.net\/wp-content\/uploads\/2024\/10\/Visuel-Personne-Agees.png\" \/>\n\t<meta property=\"og:image:width\" content=\"1080\" \/>\n\t<meta property=\"og:image:height\" content=\"1080\" \/>\n\t<meta property=\"og:image:type\" content=\"image\/png\" \/>\n<meta name=\"author\" content=\"admin1\" \/>\n<meta name=\"twitter:card\" content=\"summary_large_image\" \/>\n<meta name=\"twitter:label1\" content=\"\u00c9crit par\" \/>\n\t<meta name=\"twitter:data1\" content=\"admin1\" \/>\n\t<meta name=\"twitter:label2\" content=\"Dur\u00e9e de lecture estim\u00e9e\" \/>\n\t<meta name=\"twitter:data2\" content=\"2 minutes\" \/>\n<script type=\"application\/ld+json\" class=\"yoast-schema-graph\">{\"@context\":\"https:\/\/schema.org\",\"@graph\":[{\"@type\":\"Article\",\"@id\":\"https:\/\/www.ong-prevoyance.net\/index.php\/2024\/10\/01\/journee-internationale-des-personnes-agees\/#article\",\"isPartOf\":{\"@id\":\"https:\/\/www.ong-prevoyance.net\/index.php\/2024\/10\/01\/journee-internationale-des-personnes-agees\/\"},\"author\":{\"name\":\"admin1\",\"@id\":\"https:\/\/www.ong-prevoyance.net\/#\/schema\/person\/5d8af13cb7b53e82f57f6176bac5b485\"},\"headline\":\"Le 1er octobre, journ\u00e9e internationale des personnes \u00e2g\u00e9es.\",\"datePublished\":\"2024-10-01T09:13:47+00:00\",\"dateModified\":\"2024-10-01T09:13:48+00:00\",\"mainEntityOfPage\":{\"@id\":\"https:\/\/www.ong-prevoyance.net\/index.php\/2024\/10\/01\/journee-internationale-des-personnes-agees\/\"},\"wordCount\":280,\"commentCount\":0,\"publisher\":{\"@id\":\"https:\/\/www.ong-prevoyance.net\/#organization\"},\"image\":{\"@id\":\"https:\/\/www.ong-prevoyance.net\/index.php\/2024\/10\/01\/journee-internationale-des-personnes-agees\/#primaryimage\"},\"thumbnailUrl\":\"https:\/\/www.ong-prevoyance.net\/wp-content\/uploads\/2024\/10\/Visuel-Personne-Agees.png\",\"inLanguage\":\"fr-FR\",\"potentialAction\":[{\"@type\":\"CommentAction\",\"name\":\"Comment\",\"target\":[\"https:\/\/www.ong-prevoyance.net\/index.php\/2024\/10\/01\/journee-internationale-des-personnes-agees\/#respond\"]}]},{\"@type\":\"WebPage\",\"@id\":\"https:\/\/www.ong-prevoyance.net\/index.php\/2024\/10\/01\/journee-internationale-des-personnes-agees\/\",\"url\":\"https:\/\/www.ong-prevoyance.net\/index.php\/2024\/10\/01\/journee-internationale-des-personnes-agees\/\",\"name\":\"Le 1er octobre, journ\u00e9e internationale des personnes \u00e2g\u00e9es. - ongprevoyance\",\"isPartOf\":{\"@id\":\"https:\/\/www.ong-prevoyance.net\/#website\"},\"primaryImageOfPage\":{\"@id\":\"https:\/\/www.ong-prevoyance.net\/index.php\/2024\/10\/01\/journee-internationale-des-personnes-agees\/#primaryimage\"},\"image\":{\"@id\":\"https:\/\/www.ong-prevoyance.net\/index.php\/2024\/10\/01\/journee-internationale-des-personnes-agees\/#primaryimage\"},\"thumbnailUrl\":\"https:\/\/www.ong-prevoyance.net\/wp-content\/uploads\/2024\/10\/Visuel-Personne-Agees.png\",\"datePublished\":\"2024-10-01T09:13:47+00:00\",\"dateModified\":\"2024-10-01T09:13:48+00:00\",\"description\":\"D\u00e9couvrez l'importance de la Journ\u00e9e internationale des personnes \u00e2g\u00e9es, c\u00e9l\u00e9br\u00e9e chaque ann\u00e9e le 1er octobre. Apprenez comment cette journ\u00e9e met en lumi\u00e8re les droits et le bien-\u00eatre des a\u00een\u00e9s dans le monde.\",\"breadcrumb\":{\"@id\":\"https:\/\/www.ong-prevoyance.net\/index.php\/2024\/10\/01\/journee-internationale-des-personnes-agees\/#breadcrumb\"},\"inLanguage\":\"fr-FR\",\"potentialAction\":[{\"@type\":\"ReadAction\",\"target\":[\"https:\/\/www.ong-prevoyance.net\/index.php\/2024\/10\/01\/journee-internationale-des-personnes-agees\/\"]}]},{\"@type\":\"ImageObject\",\"inLanguage\":\"fr-FR\",\"@id\":\"https:\/\/www.ong-prevoyance.net\/index.php\/2024\/10\/01\/journee-internationale-des-personnes-agees\/#primaryimage\",\"url\":\"https:\/\/www.ong-prevoyance.net\/wp-content\/uploads\/2024\/10\/Visuel-Personne-Agees.png\",\"contentUrl\":\"https:\/\/www.ong-prevoyance.net\/wp-content\/uploads\/2024\/10\/Visuel-Personne-Agees.png\",\"width\":1080,\"height\":1080},{\"@type\":\"BreadcrumbList\",\"@id\":\"https:\/\/www.ong-prevoyance.net\/index.php\/2024\/10\/01\/journee-internationale-des-personnes-agees\/#breadcrumb\",\"itemListElement\":[{\"@type\":\"ListItem\",\"position\":1,\"name\":\"Accueil\",\"item\":\"https:\/\/www.ong-prevoyance.net\/\"},{\"@type\":\"ListItem\",\"position\":2,\"name\":\"Non class\u00e9\",\"item\":\"https:\/\/www.ong-prevoyance.net\/index.php\/non-classe-fr\/\"},{\"@type\":\"ListItem\",\"position\":3,\"name\":\"Le 1er octobre, journ\u00e9e internationale des personnes \u00e2g\u00e9es.\"}]},{\"@type\":\"WebSite\",\"@id\":\"https:\/\/www.ong-prevoyance.net\/#website\",\"url\":\"https:\/\/www.ong-prevoyance.net\/\",\"name\":\"ong-prevoyance\",\"description\":\"\",\"publisher\":{\"@id\":\"https:\/\/www.ong-prevoyance.net\/#organization\"},\"potentialAction\":[{\"@type\":\"SearchAction\",\"target\":{\"@type\":\"EntryPoint\",\"urlTemplate\":\"https:\/\/www.ong-prevoyance.net\/?s={search_term_string}\"},\"query-input\":\"required name=search_term_string\"}],\"inLanguage\":\"fr-FR\"},{\"@type\":\"Organization\",\"@id\":\"https:\/\/www.ong-prevoyance.net\/#organization\",\"name\":\"ong-prevoyance\",\"url\":\"https:\/\/www.ong-prevoyance.net\/\",\"logo\":{\"@type\":\"ImageObject\",\"inLanguage\":\"fr-FR\",\"@id\":\"https:\/\/www.ong-prevoyance.net\/#\/schema\/logo\/image\/\",\"url\":\"https:\/\/www.ong-prevoyance.net\/wp-content\/uploads\/2021\/08\/PHOTO-2023-06-26-12-32-13-removebg-preview-Copie.png\",\"contentUrl\":\"https:\/\/www.ong-prevoyance.net\/wp-content\/uploads\/2021\/08\/PHOTO-2023-06-26-12-32-13-removebg-preview-Copie.png\",\"width\":500,\"height\":500,\"caption\":\"ong-prevoyance\"},\"image\":{\"@id\":\"https:\/\/www.ong-prevoyance.net\/#\/schema\/logo\/image\/\"},\"sameAs\":[\"https:\/\/www.facebook.com\/ongprevoyance\/\",\"https:\/\/www.linkedin.com\/company\/ong-prevoyance\/\"]},{\"@type\":\"Person\",\"@id\":\"https:\/\/www.ong-prevoyance.net\/#\/schema\/person\/5d8af13cb7b53e82f57f6176bac5b485\",\"name\":\"admin1\",\"image\":{\"@type\":\"ImageObject\",\"inLanguage\":\"fr-FR\",\"@id\":\"https:\/\/www.ong-prevoyance.net\/#\/schema\/person\/image\/\",\"url\":\"https:\/\/secure.gravatar.com\/avatar\/e87dc736d8d59f5fbc12e1e2e64afba28980e9f2860fcb8db45bcabbc65f400e?s=96&d=mm&r=g\",\"contentUrl\":\"https:\/\/secure.gravatar.com\/avatar\/e87dc736d8d59f5fbc12e1e2e64afba28980e9f2860fcb8db45bcabbc65f400e?s=96&d=mm&r=g\",\"caption\":\"admin1\"},\"sameAs\":[\"https:\/\/www.ong-prevoyance.net\/\"],\"url\":\"https:\/\/www.ong-prevoyance.net\/index.php\/author\/admin1\/\"}]}<\/script>\n<!-- \/ Yoast SEO plugin. -->","yoast_head_json":{"title":"Le 1er octobre, journ\u00e9e internationale des personnes \u00e2g\u00e9es. - ongprevoyance","description":"D\u00e9couvrez l'importance de la Journ\u00e9e internationale des personnes \u00e2g\u00e9es, c\u00e9l\u00e9br\u00e9e chaque ann\u00e9e le 1er octobre. Apprenez comment cette journ\u00e9e met en lumi\u00e8re les droits et le bien-\u00eatre des a\u00een\u00e9s dans le monde.","robots":{"index":"index","follow":"follow","max-snippet":"max-snippet:-1","max-image-preview":"max-image-preview:large","max-video-preview":"max-video-preview:-1"},"canonical":"https:\/\/www.ong-prevoyance.net\/index.php\/2024\/10\/01\/journee-internationale-des-personnes-agees\/","og_locale":"fr_FR","og_type":"article","og_title":"Le 1er octobre, journ\u00e9e internationale des personnes \u00e2g\u00e9es. - ongprevoyance","og_description":"D\u00e9couvrez l'importance de la Journ\u00e9e internationale des personnes \u00e2g\u00e9es, c\u00e9l\u00e9br\u00e9e chaque ann\u00e9e le 1er octobre. Apprenez comment cette journ\u00e9e met en lumi\u00e8re les droits et le bien-\u00eatre des a\u00een\u00e9s dans le monde.","og_url":"https:\/\/www.ong-prevoyance.net\/index.php\/2024\/10\/01\/journee-internationale-des-personnes-agees\/","og_site_name":"ongprevoyance","article_publisher":"https:\/\/www.facebook.com\/ongprevoyance\/","article_published_time":"2024-10-01T09:13:47+00:00","article_modified_time":"2024-10-01T09:13:48+00:00","og_image":[{"width":1080,"height":1080,"url":"https:\/\/www.ong-prevoyance.net\/wp-content\/uploads\/2024\/10\/Visuel-Personne-Agees.png","type":"image\/png"}],"author":"admin1","twitter_card":"summary_large_image","twitter_misc":{"\u00c9crit par":"admin1","Dur\u00e9e de lecture estim\u00e9e":"2 minutes"},"schema":{"@context":"https:\/\/schema.org","@graph":[{"@type":"Article","@id":"https:\/\/www.ong-prevoyance.net\/index.php\/2024\/10\/01\/journee-internationale-des-personnes-agees\/#article","isPartOf":{"@id":"https:\/\/www.ong-prevoyance.net\/index.php\/2024\/10\/01\/journee-internationale-des-personnes-agees\/"},"author":{"name":"admin1","@id":"https:\/\/www.ong-prevoyance.net\/#\/schema\/person\/5d8af13cb7b53e82f57f6176bac5b485"},"headline":"Le 1er octobre, journ\u00e9e internationale des personnes \u00e2g\u00e9es.","datePublished":"2024-10-01T09:13:47+00:00","dateModified":"2024-10-01T09:13:48+00:00","mainEntityOfPage":{"@id":"https:\/\/www.ong-prevoyance.net\/index.php\/2024\/10\/01\/journee-internationale-des-personnes-agees\/"},"wordCount":280,"commentCount":0,"publisher":{"@id":"https:\/\/www.ong-prevoyance.net\/#organization"},"image":{"@id":"https:\/\/www.ong-prevoyance.net\/index.php\/2024\/10\/01\/journee-internationale-des-personnes-agees\/#primaryimage"},"thumbnailUrl":"https:\/\/www.ong-prevoyance.net\/wp-content\/uploads\/2024\/10\/Visuel-Personne-Agees.png","inLanguage":"fr-FR","potentialAction":[{"@type":"CommentAction","name":"Comment","target":["https:\/\/www.ong-prevoyance.net\/index.php\/2024\/10\/01\/journee-internationale-des-personnes-agees\/#respond"]}]},{"@type":"WebPage","@id":"https:\/\/www.ong-prevoyance.net\/index.php\/2024\/10\/01\/journee-internationale-des-personnes-agees\/","url":"https:\/\/www.ong-prevoyance.net\/index.php\/2024\/10\/01\/journee-internationale-des-personnes-agees\/","name":"Le 1er octobre, journ\u00e9e internationale des personnes \u00e2g\u00e9es. - ongprevoyance","isPartOf":{"@id":"https:\/\/www.ong-prevoyance.net\/#website"},"primaryImageOfPage":{"@id":"https:\/\/www.ong-prevoyance.net\/index.php\/2024\/10\/01\/journee-internationale-des-personnes-agees\/#primaryimage"},"image":{"@id":"https:\/\/www.ong-prevoyance.net\/index.php\/2024\/10\/01\/journee-internationale-des-personnes-agees\/#primaryimage"},"thumbnailUrl":"https:\/\/www.ong-prevoyance.net\/wp-content\/uploads\/2024\/10\/Visuel-Personne-Agees.png","datePublished":"2024-10-01T09:13:47+00:00","dateModified":"2024-10-01T09:13:48+00:00","description":"D\u00e9couvrez l'importance de la Journ\u00e9e internationale des personnes \u00e2g\u00e9es, c\u00e9l\u00e9br\u00e9e chaque ann\u00e9e le 1er octobre. Apprenez comment cette journ\u00e9e met en lumi\u00e8re les droits et le bien-\u00eatre des a\u00een\u00e9s dans le monde.","breadcrumb":{"@id":"https:\/\/www.ong-prevoyance.net\/index.php\/2024\/10\/01\/journee-internationale-des-personnes-agees\/#breadcrumb"},"inLanguage":"fr-FR","potentialAction":[{"@type":"ReadAction","target":["https:\/\/www.ong-prevoyance.net\/index.php\/2024\/10\/01\/journee-internationale-des-personnes-agees\/"]}]},{"@type":"ImageObject","inLanguage":"fr-FR","@id":"https:\/\/www.ong-prevoyance.net\/index.php\/2024\/10\/01\/journee-internationale-des-personnes-agees\/#primaryimage","url":"https:\/\/www.ong-prevoyance.net\/wp-content\/uploads\/2024\/10\/Visuel-Personne-Agees.png","contentUrl":"https:\/\/www.ong-prevoyance.net\/wp-content\/uploads\/2024\/10\/Visuel-Personne-Agees.png","width":1080,"height":1080},{"@type":"BreadcrumbList","@id":"https:\/\/www.ong-prevoyance.net\/index.php\/2024\/10\/01\/journee-internationale-des-personnes-agees\/#breadcrumb","itemListElement":[{"@type":"ListItem","position":1,"name":"Accueil","item":"https:\/\/www.ong-prevoyance.net\/"},{"@type":"ListItem","position":2,"name":"Non class\u00e9","item":"https:\/\/www.ong-prevoyance.net\/index.php\/non-classe-fr\/"},{"@type":"ListItem","position":3,"name":"Le 1er octobre, journ\u00e9e internationale des personnes \u00e2g\u00e9es."}]},{"@type":"WebSite","@id":"https:\/\/www.ong-prevoyance.net\/#website","url":"https:\/\/www.ong-prevoyance.net\/","name":"ong-prevoyance","description":"","publisher":{"@id":"https:\/\/www.ong-prevoyance.net\/#organization"},"potentialAction":[{"@type":"SearchAction","target":{"@type":"EntryPoint","urlTemplate":"https:\/\/www.ong-prevoyance.net\/?s={search_term_string}"},"query-input":"required name=search_term_string"}],"inLanguage":"fr-FR"},{"@type":"Organization","@id":"https:\/\/www.ong-prevoyance.net\/#organization","name":"ong-prevoyance","url":"https:\/\/www.ong-prevoyance.net\/","logo":{"@type":"ImageObject","inLanguage":"fr-FR","@id":"https:\/\/www.ong-prevoyance.net\/#\/schema\/logo\/image\/","url":"https:\/\/www.ong-prevoyance.net\/wp-content\/uploads\/2021\/08\/PHOTO-2023-06-26-12-32-13-removebg-preview-Copie.png","contentUrl":"https:\/\/www.ong-prevoyance.net\/wp-content\/uploads\/2021\/08\/PHOTO-2023-06-26-12-32-13-removebg-preview-Copie.png","width":500,"height":500,"caption":"ong-prevoyance"},"image":{"@id":"https:\/\/www.ong-prevoyance.net\/#\/schema\/logo\/image\/"},"sameAs":["https:\/\/www.facebook.com\/ongprevoyance\/","https:\/\/www.linkedin.com\/company\/ong-prevoyance\/"]},{"@type":"Person","@id":"https:\/\/www.ong-prevoyance.net\/#\/schema\/person\/5d8af13cb7b53e82f57f6176bac5b485","name":"admin1","image":{"@type":"ImageObject","inLanguage":"fr-FR","@id":"https:\/\/www.ong-prevoyance.net\/#\/schema\/person\/image\/","url":"https:\/\/secure.gravatar.com\/avatar\/e87dc736d8d59f5fbc12e1e2e64afba28980e9f2860fcb8db45bcabbc65f400e?s=96&d=mm&r=g","contentUrl":"https:\/\/secure.gravatar.com\/avatar\/e87dc736d8d59f5fbc12e1e2e64afba28980e9f2860fcb8db45bcabbc65f400e?s=96&d=mm&r=g","caption":"admin1"},"sameAs":["https:\/\/www.ong-prevoyance.net\/"],"url":"https:\/\/www.ong-prevoyance.net\/index.php\/author\/admin1\/"}]}},"_links":{"self":[{"href":"https:\/\/www.ong-prevoyance.net\/index.php\/wp-json\/wp\/v2\/posts\/2568","targetHints":{"allow":["GET"]}}],"collection":[{"href":"https:\/\/www.ong-prevoyance.net\/index.php\/wp-json\/wp\/v2\/posts"}],"about":[{"href":"https:\/\/www.ong-prevoyance.net\/index.php\/wp-json\/wp\/v2\/types\/post"}],"author":[{"embeddable":true,"href":"https:\/\/www.ong-prevoyance.net\/index.php\/wp-json\/wp\/v2\/users\/1"}],"replies":[{"embeddable":true,"href":"https:\/\/www.ong-prevoyance.net\/index.php\/wp-json\/wp\/v2\/comments?post=2568"}],"version-history":[{"count":1,"href":"https:\/\/www.ong-prevoyance.net\/index.php\/wp-json\/wp\/v2\/posts\/2568\/revisions"}],"predecessor-version":[{"id":2570,"href":"https:\/\/www.ong-prevoyance.net\/index.php\/wp-json\/wp\/v2\/posts\/2568\/revisions\/2570"}],"wp:featuredmedia":[{"embeddable":true,"href":"https:\/\/www.ong-prevoyance.net\/index.php\/wp-json\/wp\/v2\/media\/2569"}],"wp:attachment":[{"href":"https:\/\/www.ong-prevoyance.net\/index.php\/wp-json\/wp\/v2\/media?parent=2568"}],"wp:term":[{"taxonomy":"category","embeddable":true,"href":"https:\/\/www.ong-prevoyance.net\/index.php\/wp-json\/wp\/v2\/categories?post=2568"},{"taxonomy":"post_tag","embeddable":true,"href":"https:\/\/www.ong-prevoyance.net\/index.php\/wp-json\/wp\/v2\/tags?post=2568"}],"curies":[{"name":"wp","href":"https:\/\/api.w.org\/{rel}","templated":true}]}}