{"id":48,"date":"2020-03-08T04:37:29","date_gmt":"2020-03-08T04:37:29","guid":{"rendered":"https:\/\/gaviaspreview.com\/wp\/paroti\/?p=48"},"modified":"2023-11-08T16:22:23","modified_gmt":"2023-11-08T15:22:23","slug":"the-climate-change-mitigation-potential","status":"publish","type":"post","link":"https:\/\/www.ong-prevoyance.net\/index.php\/2020\/03\/08\/the-climate-change-mitigation-potential\/","title":{"rendered":"La perte de confiance d&#8217;un employeur envers son employ\u00e9 constitue-t-elle un motif valable de licenciement?"},"content":{"rendered":"<p>La notion de PERTE DE CONFIANCE est trop empreinte de subjectivit\u00e9 pour constituer un motif fort de licenciement.<\/p>\n<p>Mais d\u2019un autre c\u00f4t\u00e9, il serait inconcevable d\u2019obliger un employeur \u00e0 maintenir dans ses rangs salari\u00e9s un employ\u00e9 dont les faits et gestes sont g\u00e9n\u00e9rateurs de perte de confiance.<\/p>\n<p>Il s\u2019ensuit donc qu\u2019un licenciement en la seule raison de perte de confiance est inconcevable.<\/p>\n<p>La perte de confiance, pour l\u00e9gitimer un licenciement, doit r\u00e9sulter d\u2019agissements objectifs de l\u2019employ\u00e9 constituant sans \u00e9quivoque une menace r\u00e9elle pour les affaires de l\u2019employeur.<\/p>\n<p>Un employ\u00e9 qui, par exemple, fournirait des secrets d\u2019entreprise au concurrent professionnel de son employeur ne m\u00e9riterait plus d\u2019\u00eatre maintenu dans les liens du contrat de travail.<\/p>\n","protected":false},"excerpt":{"rendered":"<p>La notion de PERTE DE CONFIANCE est trop empreinte de subjectivit\u00e9 pour constituer un motif fort de licenciement.<\/p>\n","protected":false},"author":1,"featured_media":2079,"comment_status":"open","ping_status":"open","sticky":false,"template":"","format":"standard","meta":{"footnotes":""},"categories":[53],"tags":[22],"class_list":["post-48","post","type-post","status-publish","format-standard","has-post-thumbnail","hentry","category-droit-de-travail","tag-poste"],"yoast_head":"<!-- This site is optimized with the Yoast SEO plugin v23.0 - https:\/\/yoast.com\/wordpress\/plugins\/seo\/ -->\n<title>La perte de confiance d&#039;un employeur envers son employ\u00e9 constitue-t-elle un motif valable de licenciement? - ongprevoyance<\/title>\n<meta name=\"robots\" content=\"index, follow, max-snippet:-1, max-image-preview:large, max-video-preview:-1\" \/>\n<link rel=\"canonical\" href=\"https:\/\/www.ong-prevoyance.net\/index.php\/2020\/03\/08\/the-climate-change-mitigation-potential\/\" \/>\n<meta property=\"og:locale\" content=\"fr_FR\" \/>\n<meta property=\"og:type\" content=\"article\" \/>\n<meta property=\"og:title\" content=\"La perte de confiance d&#039;un employeur envers son employ\u00e9 constitue-t-elle un motif valable de licenciement? - ongprevoyance\" \/>\n<meta property=\"og:description\" content=\"La notion de PERTE DE CONFIANCE est trop empreinte de subjectivit\u00e9 pour constituer un motif fort de licenciement.\" \/>\n<meta property=\"og:url\" content=\"https:\/\/www.ong-prevoyance.net\/index.php\/2020\/03\/08\/the-climate-change-mitigation-potential\/\" \/>\n<meta property=\"og:site_name\" content=\"ongprevoyance\" \/>\n<meta property=\"article:publisher\" content=\"https:\/\/www.facebook.com\/ongprevoyance\/\" \/>\n<meta property=\"article:published_time\" content=\"2020-03-08T04:37:29+00:00\" \/>\n<meta property=\"article:modified_time\" content=\"2023-11-08T15:22:23+00:00\" \/>\n<meta property=\"og:image\" content=\"https:\/\/www.ong-prevoyance.net\/wp-content\/uploads\/2020\/03\/upset-african-man-with-his-head-his-hands-scaled.jpg\" \/>\n\t<meta property=\"og:image:width\" content=\"2560\" \/>\n\t<meta property=\"og:image:height\" content=\"1707\" \/>\n\t<meta property=\"og:image:type\" content=\"image\/jpeg\" \/>\n<meta name=\"author\" content=\"admin1\" \/>\n<meta name=\"twitter:card\" content=\"summary_large_image\" \/>\n<meta name=\"twitter:label1\" content=\"\u00c9crit par\" \/>\n\t<meta name=\"twitter:data1\" content=\"admin1\" \/>\n\t<meta name=\"twitter:label2\" content=\"Dur\u00e9e de lecture estim\u00e9e\" \/>\n\t<meta name=\"twitter:data2\" content=\"1 minute\" \/>\n<script type=\"application\/ld+json\" class=\"yoast-schema-graph\">{\"@context\":\"https:\/\/schema.org\",\"@graph\":[{\"@type\":\"Article\",\"@id\":\"https:\/\/www.ong-prevoyance.net\/index.php\/2020\/03\/08\/the-climate-change-mitigation-potential\/#article\",\"isPartOf\":{\"@id\":\"https:\/\/www.ong-prevoyance.net\/index.php\/2020\/03\/08\/the-climate-change-mitigation-potential\/\"},\"author\":{\"name\":\"admin1\",\"@id\":\"https:\/\/www.ong-prevoyance.net\/#\/schema\/person\/5d8af13cb7b53e82f57f6176bac5b485\"},\"headline\":\"La perte de confiance d&#8217;un employeur envers son employ\u00e9 constitue-t-elle un motif valable de licenciement?\",\"datePublished\":\"2020-03-08T04:37:29+00:00\",\"dateModified\":\"2023-11-08T15:22:23+00:00\",\"mainEntityOfPage\":{\"@id\":\"https:\/\/www.ong-prevoyance.net\/index.php\/2020\/03\/08\/the-climate-change-mitigation-potential\/\"},\"wordCount\":146,\"commentCount\":2,\"publisher\":{\"@id\":\"https:\/\/www.ong-prevoyance.net\/#organization\"},\"image\":{\"@id\":\"https:\/\/www.ong-prevoyance.net\/index.php\/2020\/03\/08\/the-climate-change-mitigation-potential\/#primaryimage\"},\"thumbnailUrl\":\"https:\/\/www.ong-prevoyance.net\/wp-content\/uploads\/2020\/03\/upset-african-man-with-his-head-his-hands-scaled.jpg\",\"keywords\":[\"Poste\"],\"articleSection\":[\"Droit de travail\"],\"inLanguage\":\"fr-FR\",\"potentialAction\":[{\"@type\":\"CommentAction\",\"name\":\"Comment\",\"target\":[\"https:\/\/www.ong-prevoyance.net\/index.php\/2020\/03\/08\/the-climate-change-mitigation-potential\/#respond\"]}]},{\"@type\":\"WebPage\",\"@id\":\"https:\/\/www.ong-prevoyance.net\/index.php\/2020\/03\/08\/the-climate-change-mitigation-potential\/\",\"url\":\"https:\/\/www.ong-prevoyance.net\/index.php\/2020\/03\/08\/the-climate-change-mitigation-potential\/\",\"name\":\"La perte de confiance d'un employeur envers son employ\u00e9 constitue-t-elle un motif valable de licenciement? - ongprevoyance\",\"isPartOf\":{\"@id\":\"https:\/\/www.ong-prevoyance.net\/#website\"},\"primaryImageOfPage\":{\"@id\":\"https:\/\/www.ong-prevoyance.net\/index.php\/2020\/03\/08\/the-climate-change-mitigation-potential\/#primaryimage\"},\"image\":{\"@id\":\"https:\/\/www.ong-prevoyance.net\/index.php\/2020\/03\/08\/the-climate-change-mitigation-potential\/#primaryimage\"},\"thumbnailUrl\":\"https:\/\/www.ong-prevoyance.net\/wp-content\/uploads\/2020\/03\/upset-african-man-with-his-head-his-hands-scaled.jpg\",\"datePublished\":\"2020-03-08T04:37:29+00:00\",\"dateModified\":\"2023-11-08T15:22:23+00:00\",\"breadcrumb\":{\"@id\":\"https:\/\/www.ong-prevoyance.net\/index.php\/2020\/03\/08\/the-climate-change-mitigation-potential\/#breadcrumb\"},\"inLanguage\":\"fr-FR\",\"potentialAction\":[{\"@type\":\"ReadAction\",\"target\":[\"https:\/\/www.ong-prevoyance.net\/index.php\/2020\/03\/08\/the-climate-change-mitigation-potential\/\"]}]},{\"@type\":\"ImageObject\",\"inLanguage\":\"fr-FR\",\"@id\":\"https:\/\/www.ong-prevoyance.net\/index.php\/2020\/03\/08\/the-climate-change-mitigation-potential\/#primaryimage\",\"url\":\"https:\/\/www.ong-prevoyance.net\/wp-content\/uploads\/2020\/03\/upset-african-man-with-his-head-his-hands-scaled.jpg\",\"contentUrl\":\"https:\/\/www.ong-prevoyance.net\/wp-content\/uploads\/2020\/03\/upset-african-man-with-his-head-his-hands-scaled.jpg\",\"width\":2560,\"height\":1707,\"caption\":\"Upset african man with his head in his hands sitting at his desk\"},{\"@type\":\"BreadcrumbList\",\"@id\":\"https:\/\/www.ong-prevoyance.net\/index.php\/2020\/03\/08\/the-climate-change-mitigation-potential\/#breadcrumb\",\"itemListElement\":[{\"@type\":\"ListItem\",\"position\":1,\"name\":\"Accueil\",\"item\":\"https:\/\/www.ong-prevoyance.net\/\"},{\"@type\":\"ListItem\",\"position\":2,\"name\":\"Droit de travail\",\"item\":\"https:\/\/www.ong-prevoyance.net\/index.php\/droit-de-travail\/\"},{\"@type\":\"ListItem\",\"position\":3,\"name\":\"La perte de confiance d&rsquo;un employeur envers son employ\u00e9 constitue-t-elle un motif valable de licenciement?\"}]},{\"@type\":\"WebSite\",\"@id\":\"https:\/\/www.ong-prevoyance.net\/#website\",\"url\":\"https:\/\/www.ong-prevoyance.net\/\",\"name\":\"ong-prevoyance\",\"description\":\"\",\"publisher\":{\"@id\":\"https:\/\/www.ong-prevoyance.net\/#organization\"},\"potentialAction\":[{\"@type\":\"SearchAction\",\"target\":{\"@type\":\"EntryPoint\",\"urlTemplate\":\"https:\/\/www.ong-prevoyance.net\/?s={search_term_string}\"},\"query-input\":\"required name=search_term_string\"}],\"inLanguage\":\"fr-FR\"},{\"@type\":\"Organization\",\"@id\":\"https:\/\/www.ong-prevoyance.net\/#organization\",\"name\":\"ong-prevoyance\",\"url\":\"https:\/\/www.ong-prevoyance.net\/\",\"logo\":{\"@type\":\"ImageObject\",\"inLanguage\":\"fr-FR\",\"@id\":\"https:\/\/www.ong-prevoyance.net\/#\/schema\/logo\/image\/\",\"url\":\"https:\/\/www.ong-prevoyance.net\/wp-content\/uploads\/2021\/08\/PHOTO-2023-06-26-12-32-13-removebg-preview-Copie.png\",\"contentUrl\":\"https:\/\/www.ong-prevoyance.net\/wp-content\/uploads\/2021\/08\/PHOTO-2023-06-26-12-32-13-removebg-preview-Copie.png\",\"width\":500,\"height\":500,\"caption\":\"ong-prevoyance\"},\"image\":{\"@id\":\"https:\/\/www.ong-prevoyance.net\/#\/schema\/logo\/image\/\"},\"sameAs\":[\"https:\/\/www.facebook.com\/ongprevoyance\/\",\"https:\/\/www.linkedin.com\/company\/ong-prevoyance\/\"]},{\"@type\":\"Person\",\"@id\":\"https:\/\/www.ong-prevoyance.net\/#\/schema\/person\/5d8af13cb7b53e82f57f6176bac5b485\",\"name\":\"admin1\",\"image\":{\"@type\":\"ImageObject\",\"inLanguage\":\"fr-FR\",\"@id\":\"https:\/\/www.ong-prevoyance.net\/#\/schema\/person\/image\/\",\"url\":\"https:\/\/secure.gravatar.com\/avatar\/e87dc736d8d59f5fbc12e1e2e64afba28980e9f2860fcb8db45bcabbc65f400e?s=96&d=mm&r=g\",\"contentUrl\":\"https:\/\/secure.gravatar.com\/avatar\/e87dc736d8d59f5fbc12e1e2e64afba28980e9f2860fcb8db45bcabbc65f400e?s=96&d=mm&r=g\",\"caption\":\"admin1\"},\"sameAs\":[\"https:\/\/www.ong-prevoyance.net\/\"],\"url\":\"https:\/\/www.ong-prevoyance.net\/index.php\/author\/admin1\/\"}]}<\/script>\n<!-- \/ Yoast SEO plugin. -->","yoast_head_json":{"title":"La perte de confiance d'un employeur envers son employ\u00e9 constitue-t-elle un motif valable de licenciement? - ongprevoyance","robots":{"index":"index","follow":"follow","max-snippet":"max-snippet:-1","max-image-preview":"max-image-preview:large","max-video-preview":"max-video-preview:-1"},"canonical":"https:\/\/www.ong-prevoyance.net\/index.php\/2020\/03\/08\/the-climate-change-mitigation-potential\/","og_locale":"fr_FR","og_type":"article","og_title":"La perte de confiance d'un employeur envers son employ\u00e9 constitue-t-elle un motif valable de licenciement? - ongprevoyance","og_description":"La notion de PERTE DE CONFIANCE est trop empreinte de subjectivit\u00e9 pour constituer un motif fort de licenciement.","og_url":"https:\/\/www.ong-prevoyance.net\/index.php\/2020\/03\/08\/the-climate-change-mitigation-potential\/","og_site_name":"ongprevoyance","article_publisher":"https:\/\/www.facebook.com\/ongprevoyance\/","article_published_time":"2020-03-08T04:37:29+00:00","article_modified_time":"2023-11-08T15:22:23+00:00","og_image":[{"width":2560,"height":1707,"url":"https:\/\/www.ong-prevoyance.net\/wp-content\/uploads\/2020\/03\/upset-african-man-with-his-head-his-hands-scaled.jpg","type":"image\/jpeg"}],"author":"admin1","twitter_card":"summary_large_image","twitter_misc":{"\u00c9crit par":"admin1","Dur\u00e9e de lecture estim\u00e9e":"1 minute"},"schema":{"@context":"https:\/\/schema.org","@graph":[{"@type":"Article","@id":"https:\/\/www.ong-prevoyance.net\/index.php\/2020\/03\/08\/the-climate-change-mitigation-potential\/#article","isPartOf":{"@id":"https:\/\/www.ong-prevoyance.net\/index.php\/2020\/03\/08\/the-climate-change-mitigation-potential\/"},"author":{"name":"admin1","@id":"https:\/\/www.ong-prevoyance.net\/#\/schema\/person\/5d8af13cb7b53e82f57f6176bac5b485"},"headline":"La perte de confiance d&#8217;un employeur envers son employ\u00e9 constitue-t-elle un motif valable de licenciement?","datePublished":"2020-03-08T04:37:29+00:00","dateModified":"2023-11-08T15:22:23+00:00","mainEntityOfPage":{"@id":"https:\/\/www.ong-prevoyance.net\/index.php\/2020\/03\/08\/the-climate-change-mitigation-potential\/"},"wordCount":146,"commentCount":2,"publisher":{"@id":"https:\/\/www.ong-prevoyance.net\/#organization"},"image":{"@id":"https:\/\/www.ong-prevoyance.net\/index.php\/2020\/03\/08\/the-climate-change-mitigation-potential\/#primaryimage"},"thumbnailUrl":"https:\/\/www.ong-prevoyance.net\/wp-content\/uploads\/2020\/03\/upset-african-man-with-his-head-his-hands-scaled.jpg","keywords":["Poste"],"articleSection":["Droit de travail"],"inLanguage":"fr-FR","potentialAction":[{"@type":"CommentAction","name":"Comment","target":["https:\/\/www.ong-prevoyance.net\/index.php\/2020\/03\/08\/the-climate-change-mitigation-potential\/#respond"]}]},{"@type":"WebPage","@id":"https:\/\/www.ong-prevoyance.net\/index.php\/2020\/03\/08\/the-climate-change-mitigation-potential\/","url":"https:\/\/www.ong-prevoyance.net\/index.php\/2020\/03\/08\/the-climate-change-mitigation-potential\/","name":"La perte de confiance d'un employeur envers son employ\u00e9 constitue-t-elle un motif valable de licenciement? - ongprevoyance","isPartOf":{"@id":"https:\/\/www.ong-prevoyance.net\/#website"},"primaryImageOfPage":{"@id":"https:\/\/www.ong-prevoyance.net\/index.php\/2020\/03\/08\/the-climate-change-mitigation-potential\/#primaryimage"},"image":{"@id":"https:\/\/www.ong-prevoyance.net\/index.php\/2020\/03\/08\/the-climate-change-mitigation-potential\/#primaryimage"},"thumbnailUrl":"https:\/\/www.ong-prevoyance.net\/wp-content\/uploads\/2020\/03\/upset-african-man-with-his-head-his-hands-scaled.jpg","datePublished":"2020-03-08T04:37:29+00:00","dateModified":"2023-11-08T15:22:23+00:00","breadcrumb":{"@id":"https:\/\/www.ong-prevoyance.net\/index.php\/2020\/03\/08\/the-climate-change-mitigation-potential\/#breadcrumb"},"inLanguage":"fr-FR","potentialAction":[{"@type":"ReadAction","target":["https:\/\/www.ong-prevoyance.net\/index.php\/2020\/03\/08\/the-climate-change-mitigation-potential\/"]}]},{"@type":"ImageObject","inLanguage":"fr-FR","@id":"https:\/\/www.ong-prevoyance.net\/index.php\/2020\/03\/08\/the-climate-change-mitigation-potential\/#primaryimage","url":"https:\/\/www.ong-prevoyance.net\/wp-content\/uploads\/2020\/03\/upset-african-man-with-his-head-his-hands-scaled.jpg","contentUrl":"https:\/\/www.ong-prevoyance.net\/wp-content\/uploads\/2020\/03\/upset-african-man-with-his-head-his-hands-scaled.jpg","width":2560,"height":1707,"caption":"Upset african man with his head in his hands sitting at his desk"},{"@type":"BreadcrumbList","@id":"https:\/\/www.ong-prevoyance.net\/index.php\/2020\/03\/08\/the-climate-change-mitigation-potential\/#breadcrumb","itemListElement":[{"@type":"ListItem","position":1,"name":"Accueil","item":"https:\/\/www.ong-prevoyance.net\/"},{"@type":"ListItem","position":2,"name":"Droit de travail","item":"https:\/\/www.ong-prevoyance.net\/index.php\/droit-de-travail\/"},{"@type":"ListItem","position":3,"name":"La perte de confiance d&rsquo;un employeur envers son employ\u00e9 constitue-t-elle un motif valable de licenciement?"}]},{"@type":"WebSite","@id":"https:\/\/www.ong-prevoyance.net\/#website","url":"https:\/\/www.ong-prevoyance.net\/","name":"ong-prevoyance","description":"","publisher":{"@id":"https:\/\/www.ong-prevoyance.net\/#organization"},"potentialAction":[{"@type":"SearchAction","target":{"@type":"EntryPoint","urlTemplate":"https:\/\/www.ong-prevoyance.net\/?s={search_term_string}"},"query-input":"required name=search_term_string"}],"inLanguage":"fr-FR"},{"@type":"Organization","@id":"https:\/\/www.ong-prevoyance.net\/#organization","name":"ong-prevoyance","url":"https:\/\/www.ong-prevoyance.net\/","logo":{"@type":"ImageObject","inLanguage":"fr-FR","@id":"https:\/\/www.ong-prevoyance.net\/#\/schema\/logo\/image\/","url":"https:\/\/www.ong-prevoyance.net\/wp-content\/uploads\/2021\/08\/PHOTO-2023-06-26-12-32-13-removebg-preview-Copie.png","contentUrl":"https:\/\/www.ong-prevoyance.net\/wp-content\/uploads\/2021\/08\/PHOTO-2023-06-26-12-32-13-removebg-preview-Copie.png","width":500,"height":500,"caption":"ong-prevoyance"},"image":{"@id":"https:\/\/www.ong-prevoyance.net\/#\/schema\/logo\/image\/"},"sameAs":["https:\/\/www.facebook.com\/ongprevoyance\/","https:\/\/www.linkedin.com\/company\/ong-prevoyance\/"]},{"@type":"Person","@id":"https:\/\/www.ong-prevoyance.net\/#\/schema\/person\/5d8af13cb7b53e82f57f6176bac5b485","name":"admin1","image":{"@type":"ImageObject","inLanguage":"fr-FR","@id":"https:\/\/www.ong-prevoyance.net\/#\/schema\/person\/image\/","url":"https:\/\/secure.gravatar.com\/avatar\/e87dc736d8d59f5fbc12e1e2e64afba28980e9f2860fcb8db45bcabbc65f400e?s=96&d=mm&r=g","contentUrl":"https:\/\/secure.gravatar.com\/avatar\/e87dc736d8d59f5fbc12e1e2e64afba28980e9f2860fcb8db45bcabbc65f400e?s=96&d=mm&r=g","caption":"admin1"},"sameAs":["https:\/\/www.ong-prevoyance.net\/"],"url":"https:\/\/www.ong-prevoyance.net\/index.php\/author\/admin1\/"}]}},"_links":{"self":[{"href":"https:\/\/www.ong-prevoyance.net\/index.php\/wp-json\/wp\/v2\/posts\/48","targetHints":{"allow":["GET"]}}],"collection":[{"href":"https:\/\/www.ong-prevoyance.net\/index.php\/wp-json\/wp\/v2\/posts"}],"about":[{"href":"https:\/\/www.ong-prevoyance.net\/index.php\/wp-json\/wp\/v2\/types\/post"}],"author":[{"embeddable":true,"href":"https:\/\/www.ong-prevoyance.net\/index.php\/wp-json\/wp\/v2\/users\/1"}],"replies":[{"embeddable":true,"href":"https:\/\/www.ong-prevoyance.net\/index.php\/wp-json\/wp\/v2\/comments?post=48"}],"version-history":[{"count":2,"href":"https:\/\/www.ong-prevoyance.net\/index.php\/wp-json\/wp\/v2\/posts\/48\/revisions"}],"predecessor-version":[{"id":2081,"href":"https:\/\/www.ong-prevoyance.net\/index.php\/wp-json\/wp\/v2\/posts\/48\/revisions\/2081"}],"wp:featuredmedia":[{"embeddable":true,"href":"https:\/\/www.ong-prevoyance.net\/index.php\/wp-json\/wp\/v2\/media\/2079"}],"wp:attachment":[{"href":"https:\/\/www.ong-prevoyance.net\/index.php\/wp-json\/wp\/v2\/media?parent=48"}],"wp:term":[{"taxonomy":"category","embeddable":true,"href":"https:\/\/www.ong-prevoyance.net\/index.php\/wp-json\/wp\/v2\/categories?post=48"},{"taxonomy":"post_tag","embeddable":true,"href":"https:\/\/www.ong-prevoyance.net\/index.php\/wp-json\/wp\/v2\/tags?post=48"}],"curies":[{"name":"wp","href":"https:\/\/api.w.org\/{rel}","templated":true}]}}